{"id":680585,"date":"2026-03-07T16:56:03","date_gmt":"2026-03-07T16:56:03","guid":{"rendered":"https:\/\/microscopemedia.com\/?p=680585"},"modified":"2026-03-07T16:56:03","modified_gmt":"2026-03-07T16:56:03","slug":"donald-trump-anunta-negocieri-sua-cuba-acord-posibil-cu-havana","status":"publish","type":"post","link":"https:\/\/microscopemedia.com\/?p=680585","title":{"rendered":"Donald Trump anun\u021b\u0103 negocieri SUA-Cuba. Acord posibil cu Havana"},"content":{"rendered":"<div><img decoding=\"async\" src=\"https:\/\/microscopemedia.com\/wp-content\/uploads\/2026\/03\/donald-trump-anunta-negocieri-sua-cuba-acord-posibil-cu-havana.jpg\" class=\"ff-og-image-inserted\"><\/div>\n<p data-start=\"200\" data-end=\"595\" id=\"p-0\">Trump a f\u0103cut declara\u021bia \u00een cadrul reuniunii \u201eShield of the Americas\u201d din Miami, Florida, unde s-au \u00eent\u00e2lnit lideri din America Latin\u0103 pentru a discuta probleme de securitate \u0219i cooperare regional\u0103, scrie <a href=\"https:\/\/www.reuters.com\/world\/americas\/trump-says-cuba-negotiating-deal-with-him-rubio-2026-03-07\/\" target=\"_blank\" rel=\"noopener\">Reuters<\/a>.<\/p>\n<p data-start=\"597\" data-end=\"881\" id=\"p-1\">Potrivit lui Trump, negocierile sunt purtate \u00eempreun\u0103 cu Marco Rubio \u0219i al\u021bi oficiali americani.<\/p>\n<p data-start=\"597\" data-end=\"881\" id=\"p-2\">\u201eEi vor s\u0103 negocieze \u0219i negociaz\u0103 cu Marco (Rubio) \u0219i cu mine, precum \u0219i cu c\u00e2\u021biva al\u021bii. Cred c\u0103 un acord cu Cuba s-ar putea realiza foarte u\u0219or\u201d, a spus pre\u0219edintele american.<\/p>\n<p data-start=\"944\" data-end=\"1314\" id=\"p-3\">\u00cen cadrul reuniunii \u201eShield of the Americas\u201d, Trump a subliniat c\u0103 negocierile SUA-Cuba urm\u0103resc g\u0103sirea unor solu\u021bii pentru problemele economice \u0219i politice care afecteaz\u0103 rela\u021biile bilaterale. Printre obiectivele principale se num\u0103r\u0103 relaxarea tensiunilor diplomatice, cre\u0219terea cooper\u0103rii \u00een domeniul securit\u0103\u021bii \u0219i discutarea sanc\u021biunilor economice impuse Cubei.<\/p>\n<p data-start=\"1316\" data-end=\"1701\" id=\"p-4\">Exper\u021bii \u00een rela\u021bii interna\u021bionale sus\u021bin c\u0103 negocierile SUA-Cuba marcheaz\u0103 o posibil\u0103 schimbare de abordare \u00een politica extern\u0103 a Statelor Unite fa\u021b\u0103 de regiunea Caraibelor \u0219i America Latin\u0103. Rela\u021biile tensionate dintre Washington \u0219i Havana au fost afectate \u00een trecut de sanc\u021biuni \u0219i dispute politice, iar ini\u021biativa Trump ar putea deschide calea pentru un dialog mai constructiv.<\/p>\n<p data-start=\"1766\" data-end=\"2143\" id=\"p-5\">Un eventual succes al negocierilor SUA-Cuba ar putea avea efecte semnificative asupra stabilit\u0103\u021bii economice \u0219i politice din Caraibe \u0219i America Latin\u0103. Reluarea dialogului bilateral poate facilita cooperarea regional\u0103 \u00een domenii precum securitatea, comer\u021bul \u0219i turismul, dar poate ridica \u0219i provoc\u0103ri diplomatice, av\u00e2nd \u00een vedere sensibilit\u0103\u021bile politice interne ale Cubei.<\/p>\n","protected":false},"excerpt":{"rendered":"<p>Trump a f\u0103cut declara\u021bia \u00een cadrul reuniunii \u201eShield of the Americas\u201d din Miami, Florida, unde s-au \u00eent\u00e2lnit lideri din America Latin\u0103 pentru a discuta probleme de securitate \u0219i cooperare regional\u0103, &hellip; <a href=\"https:\/\/microscopemedia.com\/?p=680585\" class=\"more-link\">Read More<\/a><\/p>\n","protected":false},"author":1,"featured_media":680586,"comment_status":"closed","ping_status":"closed","sticky":false,"template":"Default","format":"standard","meta":[],"categories":[1],"tags":[],"_links":{"self":[{"href":"https:\/\/microscopemedia.com\/index.php?rest_route=\/wp\/v2\/posts\/680585"}],"collection":[{"href":"https:\/\/microscopemedia.com\/index.php?rest_route=\/wp\/v2\/posts"}],"about":[{"href":"https:\/\/microscopemedia.com\/index.php?rest_route=\/wp\/v2\/types\/post"}],"author":[{"embeddable":true,"href":"https:\/\/microscopemedia.com\/index.php?rest_route=\/wp\/v2\/users\/1"}],"replies":[{"embeddable":true,"href":"https:\/\/microscopemedia.com\/index.php?rest_route=%2Fwp%2Fv2%2Fcomments&post=680585"}],"version-history":[{"count":0,"href":"https:\/\/microscopemedia.com\/index.php?rest_route=\/wp\/v2\/posts\/680585\/revisions"}],"wp:featuredmedia":[{"embeddable":true,"href":"https:\/\/microscopemedia.com\/index.php?rest_route=\/wp\/v2\/media\/680586"}],"wp:attachment":[{"href":"https:\/\/microscopemedia.com\/index.php?rest_route=%2Fwp%2Fv2%2Fmedia&parent=680585"}],"wp:term":[{"taxonomy":"category","embeddable":true,"href":"https:\/\/microscopemedia.com\/index.php?rest_route=%2Fwp%2Fv2%2Fcategories&post=680585"},{"taxonomy":"post_tag","embeddable":true,"href":"https:\/\/microscopemedia.com\/index.php?rest_route=%2Fwp%2Fv2%2Ftags&post=680585"}],"curies":[{"name":"wp","href":"https:\/\/api.w.org\/{rel}","templated":true}]}}