{"id":680589,"date":"2026-03-07T17:36:03","date_gmt":"2026-03-07T17:36:03","guid":{"rendered":"https:\/\/microscopemedia.com\/?p=680589"},"modified":"2026-03-07T17:36:03","modified_gmt":"2026-03-07T17:36:03","slug":"victor-ponta-irina-este-acasa-in-siguranta-fostul-premier-detaliaza-repatrierea-fiicei-si-critica-interventia-mae","status":"publish","type":"post","link":"https:\/\/microscopemedia.com\/?p=680589","title":{"rendered":"Victor Ponta: \u201eIrina este acas\u0103, \u00een siguran\u021b\u0103\u201d. Fostul premier detaliaz\u0103 repatrierea fiicei \u0219i critic\u0103 interven\u021bia MAE"},"content":{"rendered":"<div><img decoding=\"async\" src=\"https:\/\/microscopemedia.com\/wp-content\/uploads\/2026\/03\/victor-ponta-irina-este-acasa-in-siguranta-fostul-premier-detaliaza-repatrierea-fiicei-si-critica-interventia-mae.jpg\" class=\"ff-og-image-inserted\"><\/div>\n<p data-start=\"650\" data-end=\"945\" id=\"p-0\">\u201eSlav\u0103 Domnului, Irina este acas\u0103, \u00een siguran\u021b\u0103! \u0218i asta este cel mai important!\u201d, afirm\u0103 Ponta, preciz\u00e2nd c\u0103 p\u00e2n\u0103 \u00een prezent nu a f\u0103cut nicio declara\u021bie public\u0103 despre \u201eaceast\u0103 aventur\u0103\u201d. El arat\u0103 c\u0103 scopul post\u0103rii este s\u0103 clarifice evenimentele \u0219i s\u0103 aduc\u0103 la cuno\u0219tin\u021b\u0103 \u201eadev\u0103rul\u201d.<\/p>\n<p data-start=\"947\" data-end=\"1308\" id=\"p-1\">Potrivit declara\u021biei, fiica sa a plecat \u00een Emiratele Arabe Unite pe 21 februarie, \u00eenso\u021bit\u0103 de mama sa, pentru a participa la un eveniment academic la care fusese invitat\u0103 de o universitate american\u0103. Mama s-a \u00eentors \u00een Rom\u00e2nia, iar Irina a r\u0103mas \u00eenregistrat\u0103 la universitate, \u00een conformitate cu regulile institu\u021biei, care nu permite participarea p\u0103rin\u021bilor.<\/p>\n<p data-start=\"1310\" data-end=\"1786\" id=\"p-2\">Ponta subliniaz\u0103 c\u0103, la data plec\u0103rii, nu exista previziunea unui conflict armat \u00een zon\u0103. Ulterior, pe 28 februarie, a fost anun\u021bat\u0103 Ambasada \u0219i Consulatul Rom\u00e2niei din Emiratele Arabe Unite c\u0103 Irina se afla acolo nesupravegheat\u0103 \u0219i dorea s\u0103 revin\u0103 \u00een \u021bar\u0103 imediat ce acest lucru va fi posibil. El precizeaz\u0103 c\u0103 to\u021bi cet\u0103\u021benii rom\u00e2ni care \u0219i-au exprimat dorin\u021ba de repatriere au fost inclu\u0219i pe listele autorit\u0103\u021bilor diplomatice, indiferent de modalitatea de \u00eenregistrare.<\/p>\n<p data-start=\"1788\" data-end=\"2109\" id=\"p-3\">\u00cen mesajul publicat de Ponta se arat\u0103 c\u0103 reprezentan\u021bii consulatelor rom\u00e2ne au confirmat statutul Irinei de minor\u0103 ne\u00eenso\u021bit\u0103 \u0219i scopul \u0219ederii \u00een Emirate. Totodat\u0103, p\u00e2n\u0103 \u00een 4 martie, nu a fost posibil\u0103 g\u0103sirea unui zbor de \u00eentoarcere \u00een Europa, inclusiv prin intermediul eforturilor proprii \u0219i ale universit\u0103\u021bii.<\/p>\n<p data-start=\"2111\" data-end=\"2472\" id=\"p-4\">Fostul premier precizeaz\u0103 c\u0103 miercuri dup\u0103\u2011amiaza familia a fost contactat\u0103 de Consulat cu oferta unei curse organizate, iar Irina urma s\u0103 se prezinte la consulatul din Dubai joi diminea\u021ba pentru a fi transportat\u0103, \u00eempreun\u0103 cu al\u021bi minori, la grani\u021ba cu Oman \u0219i de acolo spre Rom\u00e2nia. Ponta afirm\u0103 c\u0103 nu a intervenit pe liste \u0219i nu cunoa\u0219te componen\u021ba acestora.<\/p>\n<p data-start=\"2474\" data-end=\"2913\" id=\"p-5\">Declara\u021bia mai relateaz\u0103 c\u0103 \u00eenainte ca Irina s\u0103 plece cu autobuzul, ministrul Afacerilor Externe, <a href=\"https:\/\/www.mediafax.ro\/politic\/oana-toiu-peste-1-000-de-romani-repatriati-din-orientul-mijlociu-ministrul-respinge-informatiile-despre-o-minora-exclusa-din-zborul-de-evacuare-23698776\">Oana \u021aoiu<\/a>, ar fi telefonat consulului \u0219i i\u2011ar fi cerut imperativ s\u0103 o re\u021bin\u0103 pe minor\u0103 la Dubai, sus\u021bin\u00e2nd c\u0103 a o trimite spre Oman ar crea o \u201evulnerabilitate de imagine\u201d. Conform fostului premier, \u00een urma acestei interven\u021bii \u201eilegale \u0219i abuzive\u201d, Irina ar fi r\u0103mas singurul copil din grup la Dubai, f\u0103r\u0103 cazare sau zbor confirmat.<\/p>\n<p data-start=\"2915\" data-end=\"3234\" id=\"p-6\">\u00cen cele din urm\u0103, sus\u021bine Ponta, familia, cu sprijin din partea autorit\u0103\u021bilor emirateze \u0219i a unor persoane private, a g\u0103sit un loc la un zbor cu care Irina a putut reveni \u00een Rom\u00e2nia. El adaug\u0103 un mesaj de mul\u021bumire pentru personalul consular din Dubai, pe care \u00eel descrie ca profesionist \u0219i conform prevederilor legale.<\/p>\n<p data-start=\"3236\" data-end=\"3511\" id=\"p-7\">Fostul premier critic\u0103, de asemenea, comunicarea oficial\u0103 a Ministerului Afacerilor Externe, \u00een special declara\u021biile purt\u0103torului de cuv\u00e2nt, pe care le calific\u0103 ca \u201epar\u021bial adev\u0103rate\u201d \u0219i \u201emincinoase\u201d, ceea ce, \u00een opinia sa, ar afecta nedrept imaginea corpului diplomatic.<\/p>\n<p data-start=\"3513\" data-end=\"3813\" id=\"p-8\">Ponta mai aduce \u00een discu\u021bie \u0219i critici politice, afirm\u00e2nd c\u0103 unele declara\u021bii ale reprezentan\u021bilor USR \u0219i ale sus\u021bin\u0103torilor acestora despre locurile neocupate \u00eentr\u2011un avion organizat pentru repatriere ar fi fost folosite pentru a \u201eexonera\u201d ministrul \u021aoiu de responsabilitate \u00een aceast\u0103 situa\u021bie.<\/p>\n<p data-start=\"3815\" data-end=\"4028\" id=\"p-9\">\u00cen \u00eencheiere, fostul premier spune c\u0103 va prezenta aceste informa\u021bii autorit\u0103\u021bilor statului rom\u00e2n \u0219i \u00ee\u0219i exprim\u0103 speran\u021ba c\u0103 adev\u0103rul despre modul \u00een care s\u2011a ac\u021bionat \u00een cazul fiicei sale va fi cunoscut pe deplin.<\/p>\n","protected":false},"excerpt":{"rendered":"<p>\u201eSlav\u0103 Domnului, Irina este acas\u0103, \u00een siguran\u021b\u0103! \u0218i asta este cel mai important!\u201d, afirm\u0103 Ponta, preciz\u00e2nd c\u0103 p\u00e2n\u0103 \u00een prezent nu a f\u0103cut nicio declara\u021bie public\u0103 despre \u201eaceast\u0103 aventur\u0103\u201d. El &hellip; <a href=\"https:\/\/microscopemedia.com\/?p=680589\" class=\"more-link\">Read More<\/a><\/p>\n","protected":false},"author":1,"featured_media":680590,"comment_status":"closed","ping_status":"closed","sticky":false,"template":"Default","format":"standard","meta":[],"categories":[1],"tags":[],"_links":{"self":[{"href":"https:\/\/microscopemedia.com\/index.php?rest_route=\/wp\/v2\/posts\/680589"}],"collection":[{"href":"https:\/\/microscopemedia.com\/index.php?rest_route=\/wp\/v2\/posts"}],"about":[{"href":"https:\/\/microscopemedia.com\/index.php?rest_route=\/wp\/v2\/types\/post"}],"author":[{"embeddable":true,"href":"https:\/\/microscopemedia.com\/index.php?rest_route=\/wp\/v2\/users\/1"}],"replies":[{"embeddable":true,"href":"https:\/\/microscopemedia.com\/index.php?rest_route=%2Fwp%2Fv2%2Fcomments&post=680589"}],"version-history":[{"count":0,"href":"https:\/\/microscopemedia.com\/index.php?rest_route=\/wp\/v2\/posts\/680589\/revisions"}],"wp:featuredmedia":[{"embeddable":true,"href":"https:\/\/microscopemedia.com\/index.php?rest_route=\/wp\/v2\/media\/680590"}],"wp:attachment":[{"href":"https:\/\/microscopemedia.com\/index.php?rest_route=%2Fwp%2Fv2%2Fmedia&parent=680589"}],"wp:term":[{"taxonomy":"category","embeddable":true,"href":"https:\/\/microscopemedia.com\/index.php?rest_route=%2Fwp%2Fv2%2Fcategories&post=680589"},{"taxonomy":"post_tag","embeddable":true,"href":"https:\/\/microscopemedia.com\/index.php?rest_route=%2Fwp%2Fv2%2Ftags&post=680589"}],"curies":[{"name":"wp","href":"https:\/\/api.w.org\/{rel}","templated":true}]}}