{"id":680591,"date":"2026-03-07T17:47:04","date_gmt":"2026-03-07T17:47:04","guid":{"rendered":"https:\/\/microscopemedia.com\/?p=680591"},"modified":"2026-03-07T17:47:04","modified_gmt":"2026-03-07T17:47:04","slug":"zelenski-si-macron-au-discutat-despre-apararea-ucrainei-si-tensiunile-din-orientul-mijlociu","status":"publish","type":"post","link":"https:\/\/microscopemedia.com\/?p=680591","title":{"rendered":"Zelenski \u0219i Macron au discutat despre ap\u0103rarea Ucrainei \u0219i tensiunile din Orientul Mijlociu"},"content":{"rendered":"<div><img decoding=\"async\" src=\"https:\/\/microscopemedia.com\/wp-content\/uploads\/2026\/03\/zelenski-si-macron-au-discutat-despre-apararea-ucrainei-si-tensiunile-din-orientul-mijlociu.jpg\" class=\"ff-og-image-inserted\"><\/div>\n<p data-start=\"92\" data-end=\"356\" id=\"p-0\">Pre\u0219edintele Ucrainei, Volodimir Zelenski, a avut discu\u021bii cu pre\u0219edintele francez Emmanuel Macron despre securitatea Ucrainei \u0219i evolu\u021biile din Orientul Mijlociu, scrie <a href=\"https:\/\/www.ukrinform.net\/rubric-polytics\/4099133-zelensky-discusses-ukraines-defense-needs-and-middle-east-situation-with-macron.html\">Ukrinform<\/a>.<\/p>\n<p data-start=\"92\" data-end=\"356\" id=\"p-1\">Anun\u021bul a fost f\u0103cut de Volodimir Zelenski printr-un mesaj pe Telegram.<\/p>\n<p data-start=\"358\" data-end=\"754\" id=\"p-2\">\u201eAm vorbit cu pre\u0219edintele francez Emmanuel Macron. Am reu\u0219it s\u0103 discut\u0103m toate problemele cheie care sunt importante \u00een prezent pentru securitatea \u021b\u0103rilor noastre \u0219i a Europei. \u00cen special, situa\u021bia din Ucraina \u0219i nevoile cheie ale ap\u0103r\u0103rii noastre. L-am informat despre consecin\u021bele atacului masiv al Rusiei de asear\u0103, precum \u0219i despre evenimentele de pe linia frontului\u201d, a declarat Zelenski.<\/p>\n<p data-start=\"756\" data-end=\"1131\" id=\"p-3\">Pre\u0219edintele a scris c\u0103 solda\u021bii ucraineni au ob\u021binut rezultate notabile \u00een aceast\u0103 iarn\u0103 \u0219i au men\u021binut toate pozi\u021biile strategice de ap\u0103rare privind Ucraina.<\/p>\n<p data-start=\"756\" data-end=\"1131\" id=\"p-4\">\u201eEste important ca acordurile europene comune privind 90 de miliarde de euro pentru sprijinul Ucrainei \u00een urm\u0103torii doi ani, precum \u0219i privind un nou pachet de sanc\u021biuni \u00eempotriva Rusiei, s\u0103 fie implementate\u201d, a ad\u0103ugat el.<\/p>\n<p data-start=\"1133\" data-end=\"1581\" id=\"p-5\">De asemenea, discu\u021biile au fost \u0219i despre situa\u021bia actual\u0103 din Orientul Mijlociu \u0219i regiunea Golfului, \u00een special legat\u0103 de Iran \u0219i perspectivele sale regionale.<\/p>\n<p data-start=\"1133\" data-end=\"1581\" id=\"p-6\">\u201eEmmanuel a sus\u021binut munca noastr\u0103 pentru o securitate sporit\u0103 \u00een regiune \u2013 ap\u0103rarea Ucrainei \u00eempotriva \u0218ahidelor este \u00eentr-adev\u0103r cea mai experimentat\u0103, iar experien\u021ba Ucrainei poate deveni unul dintre fundamentele unei securit\u0103\u021bi colective re\u00eennoite \u0219i mai eficiente cu to\u021bi partenerii\u201d, a mai scris Volodimir Zelenski.<\/p>\n<div class=\"flex flex-col text-sm\">\n<article class=\"text-token-text-primary w-full focus:outline-none [--shadow-height:45px] has-data-writing-block:pointer-events-none has-data-writing-block:-mt-(--shadow-height) has-data-writing-block:pt-(--shadow-height) [&amp;:has([data-writing-block])>*]:pointer-events-auto scroll-mt-[calc(var(&#8211;header-height)+min(200px,max(70px,20svh)))]&#8221; dir=&#8221;auto&#8221; tabindex=&#8221;-1&#8243; data-turn-id=&#8221;request-69a8d7ec-0360-832a-9f63-f789255b382b-17&#8243; data-testid=&#8221;conversation-turn-176&#8243; data-scroll-anchor=&#8221;true&#8221; data-turn=&#8221;assistant&#8221;><\/p>\n<div class=\"text-base my-auto mx-auto pb-10 [--thread-content-margin:var(--thread-content-margin-xs,calc(var(--spacing)*4))] @w-sm\/main:[--thread-content-margin:var(--thread-content-margin-sm,calc(var(--spacing)*6))] @w-lg\/main:[--thread-content-margin:var(--thread-content-margin-lg,calc(var(--spacing)*16))] px-(--thread-content-margin)\">\n<div class=\"[--thread-content-max-width:40rem] @w-lg\/main:[--thread-content-max-width:48rem] mx-auto max-w-(--thread-content-max-width) flex-1 group\/turn-messages focus-visible:outline-hidden relative flex w-full min-w-0 flex-col agent-turn\" tabindex=\"-1\">\n<div class=\"flex max-w-full flex-col gap-4 grow\">\n<div class=\"min-h-8 text-message relative flex w-full flex-col items-end gap-2 text-start break-words whitespace-normal [.text-message+&amp;]:mt-1\" dir=\"auto\" data-message-author-role=\"assistant\" data-message-id=\"e875f29f-4a0a-403e-a238-df41bc3640c3\" data-message-model-slug=\"gpt-5-mini\">\n<div class=\"flex w-full flex-col gap-1 empty:hidden\" readability=\"8.5\">\n<div class=\"markdown prose dark:prose-invert w-full wrap-break-word light markdown-new-styling\" readability=\"12\">\n<p data-start=\"1583\" data-end=\"1857\" data-is-last-node data-is-only-node id=\"p-7\">Pre\u0219edintele a mai precizat c\u0103 Ucraina colaboreaz\u0103 cu Fran\u021ba pentru eforturi diplomatice \u00een s\u0103pt\u0103m\u00e2nile urm\u0103toare. Mai mult, Volodimir Zelenski a discutat cu prim-ministrul Italiei, Giorgia Meloni, despre conflictul din Orientul Mijlociu.<\/p>\n<\/div>\n<\/div>\n<\/div>\n<\/div>\n<\/div>\n<\/div>\n<\/article>\n<\/div>\n","protected":false},"excerpt":{"rendered":"<p>Pre\u0219edintele Ucrainei, Volodimir Zelenski, a avut discu\u021bii cu pre\u0219edintele francez Emmanuel Macron despre securitatea Ucrainei \u0219i evolu\u021biile din Orientul Mijlociu, scrie Ukrinform. Anun\u021bul a fost f\u0103cut de Volodimir Zelenski printr-un &hellip; <a href=\"https:\/\/microscopemedia.com\/?p=680591\" class=\"more-link\">Read More<\/a><\/p>\n","protected":false},"author":1,"featured_media":680592,"comment_status":"closed","ping_status":"closed","sticky":false,"template":"Default","format":"standard","meta":[],"categories":[1],"tags":[],"_links":{"self":[{"href":"https:\/\/microscopemedia.com\/index.php?rest_route=\/wp\/v2\/posts\/680591"}],"collection":[{"href":"https:\/\/microscopemedia.com\/index.php?rest_route=\/wp\/v2\/posts"}],"about":[{"href":"https:\/\/microscopemedia.com\/index.php?rest_route=\/wp\/v2\/types\/post"}],"author":[{"embeddable":true,"href":"https:\/\/microscopemedia.com\/index.php?rest_route=\/wp\/v2\/users\/1"}],"replies":[{"embeddable":true,"href":"https:\/\/microscopemedia.com\/index.php?rest_route=%2Fwp%2Fv2%2Fcomments&post=680591"}],"version-history":[{"count":0,"href":"https:\/\/microscopemedia.com\/index.php?rest_route=\/wp\/v2\/posts\/680591\/revisions"}],"wp:featuredmedia":[{"embeddable":true,"href":"https:\/\/microscopemedia.com\/index.php?rest_route=\/wp\/v2\/media\/680592"}],"wp:attachment":[{"href":"https:\/\/microscopemedia.com\/index.php?rest_route=%2Fwp%2Fv2%2Fmedia&parent=680591"}],"wp:term":[{"taxonomy":"category","embeddable":true,"href":"https:\/\/microscopemedia.com\/index.php?rest_route=%2Fwp%2Fv2%2Fcategories&post=680591"},{"taxonomy":"post_tag","embeddable":true,"href":"https:\/\/microscopemedia.com\/index.php?rest_route=%2Fwp%2Fv2%2Ftags&post=680591"}],"curies":[{"name":"wp","href":"https:\/\/api.w.org\/{rel}","templated":true}]}}