{"id":680597,"date":"2026-03-07T18:36:04","date_gmt":"2026-03-07T18:36:04","guid":{"rendered":"https:\/\/microscopemedia.com\/?p=680597"},"modified":"2026-03-07T18:36:04","modified_gmt":"2026-03-07T18:36:04","slug":"ilie-bolojan-anunta-noi-zboruri-pentru-romanii-din-orientul-mijlociu-facem-tot-ce-este-posibil-pentru-ca-romanii-sa-ajunga-acasa-in-siguranta","status":"publish","type":"post","link":"https:\/\/microscopemedia.com\/?p=680597","title":{"rendered":"Ilie Bolojan anun\u021b\u0103 noi zboruri pentru rom\u00e2nii din Orientul Mijlociu: \u201eFacem tot ce este posibil pentru ca rom\u00e2nii s\u0103 ajung\u0103 acas\u0103 \u00een siguran\u0163\u0103\u201d"},"content":{"rendered":"<div><img decoding=\"async\" src=\"https:\/\/microscopemedia.com\/wp-content\/uploads\/2026\/03\/ilie-bolojan-anunta-noi-zboruri-pentru-romanii-din-orientul-mijlociu-facem-tot-ce-este-posibil-pentru-ca-romanii-sa-ajunga-acasa-in-siguranta.jpg\" class=\"ff-og-image-inserted\"><\/div>\n<p data-start=\"73\" data-end=\"764\" id=\"p-0\">Premierul Ilie Bolojan a declarat s\u00e2mb\u0103t\u0103 sear\u0103 c\u0103 autorit\u0103\u021bile lucreaz\u0103 intens pentru organizarea unor noi curse care s\u0103 permit\u0103 rom\u00e2nilor din Orientul Mijlociu s\u0103 revin\u0103 \u00een \u021bar\u0103 \u00een siguran\u021b\u0103.<\/p>\n<p data-start=\"73\" data-end=\"764\" id=\"p-1\">El a precizat c\u0103 la \u00eenceputul s\u0103pt\u0103m\u00e2nii viitoare sunt planificate dou\u0103 zboruri prin Oman, iar Emiratele Arabe Unite au confirmat cre\u0219terea num\u0103rului de curse comerciale c\u0103tre Bucure\u0219ti, \u00een func\u021bie de condi\u021biile de securitate.<\/p>\n<p data-start=\"73\" data-end=\"764\" id=\"p-2\">Totodat\u0103, premierul rom\u00e2n a declarat c\u0103 echipele de asisten\u021b\u0103 consular\u0103 au fost suplimentate.<\/p>\n<p data-start=\"73\" data-end=\"764\" id=\"p-3\">\u201e\u00cen\u0163eleg ner\u0103bdarea \u015fi \u00eengrijorarea celor care doresc s\u0103 revin\u0103 \u00een \u0163ar\u0103, precum \u015fi nelini\u015ftea familiilor lor. Facem tot ce este posibil pentru ca rom\u00e2nii s\u0103 ajung\u0103 acas\u0103 \u00een siguran\u0163\u0103, c\u00e2t mai cur\u00e2nd\u201d, a transmis Ilie Bolojan, s\u00e2mb\u0103t\u0103, pe pagina sa de Facebook.<\/p>\n<p data-start=\"766\" data-end=\"1444\" id=\"p-4\">Premierul a explicat c\u0103 Guvernul Rom\u00e2niei trateaz\u0103, \u00een aceast\u0103 perioad\u0103, cu prioritate situa\u021bia cet\u0103\u021benilor r\u0103ma\u0219i \u00een zonele de conflict din Orientul Mijlociu.<\/p>\n<p data-start=\"766\" data-end=\"1444\" id=\"p-5\">\u201eP\u00e2n\u0103 \u00een acest moment, prin zboruri de repatriere asistat\u0103 \u015fi prin Mecanismul European de Protec\u0163ie Civil\u0103, au fost adu\u015fi \u00een \u0163ar\u0103 peste 1000 de cet\u0103\u0163eni rom\u00e2ni. Pe m\u0103sur\u0103 ce situa\u0163ia de securitate permite, organiz\u0103m noi ac\u0163iuni pentru evacuarea celor afla\u0163i \u00een zonele afectate. Sunt \u00een preg\u0103tire opera\u0163ional\u0103 avansat\u0103 alte zboruri \u00een urm\u0103toarele zile, fie \u00een cooperare european\u0103, fie zboruri charter de repatriere asistat\u0103, contra cost. La \u00eenceputul s\u0103pt\u0103m\u00e2nii viitoare sunt programate dou\u0103 curse prin Oman\u201d, a ad\u0103ugat Ilie Bolojan.<\/p>\n<p data-start=\"1446\" data-end=\"1944\" id=\"p-7\">El a spus c\u0103 Rom\u00e2nia continu\u0103 colaborarea cu celelalte state membre ale Uniunii Europene pentru a facilita \u00eembarcarea cet\u0103\u021benilor rom\u00e2ni pe zborurile organizate de acestea.<\/p>\n<p data-start=\"1446\" data-end=\"1944\" id=\"p-8\">\u201eZborurile de evacuare sus\u0163inute din bugetul public \u015fi din fonduri europene, destinate \u00een special categoriilor vulnerabile, pot acoperi doar o parte din nevoia total\u0103 de repatriere. De aceea, lucr\u0103m \u015fi pentru sporirea num\u0103rului de curse comerciale sigure prin care cet\u0103\u0163enii s\u0103 poat\u0103 reveni \u00een \u0163ar\u0103\u201d, a precizat Bolojan.<\/p>\n<p data-start=\"1946\" data-end=\"2325\" id=\"p-9\">Premierul a explicat, de asemenea, c\u0103 autorit\u0103\u021bile din Emiratele Arabe Unite au confirmat c\u0103, \u00eencep\u00e2nd de s\u0103pt\u0103m\u00e2na viitoare, vor cre\u0219te num\u0103rul de zboruri comerciale zilnice c\u0103tre Bucure\u0219ti, \u00een func\u021bie de condi\u021biile de securitate.<\/p>\n<p data-start=\"1946\" data-end=\"2325\" id=\"p-10\">\u00cen paralel, au fost introduse cereri pentru culoare de zbor pe aeroportul din Dubai, pentru companiile care au transportat turi\u0219ti rom\u00e2ni prin agen\u021bii de turism.<\/p>\n<p data-start=\"2327\" data-end=\"2774\" data-is-last-node data-is-only-node id=\"p-11\">\u201eEchipele de asisten\u0163\u0103 consular\u0103 au fost suplimentate. Mul\u0163umesc Ministerului Afacerilor Externe, personalului consular, ambasadelor \u015fi tuturor celor implica\u0163i \u00een sprijinirea \u015fi repatrierea rom\u00e2nilor. \u00cen\u0163eleg ner\u0103bdarea \u015fi \u00eengrijorarea celor care doresc s\u0103 revin\u0103 \u00een \u0163ar\u0103, precum \u015fi nelini\u015ftea familiilor lor. Facem tot ce este posibil pentru ca rom\u00e2nii s\u0103 ajung\u0103 acas\u0103 \u00een siguran\u0163\u0103, c\u00e2t mai cur\u00e2nd \u015fi \u00een condi\u0163ii sigure\u201d, a declarat Ilie Bolojan.<\/p>\n","protected":false},"excerpt":{"rendered":"<p>Premierul Ilie Bolojan a declarat s\u00e2mb\u0103t\u0103 sear\u0103 c\u0103 autorit\u0103\u021bile lucreaz\u0103 intens pentru organizarea unor noi curse care s\u0103 permit\u0103 rom\u00e2nilor din Orientul Mijlociu s\u0103 revin\u0103 \u00een \u021bar\u0103 \u00een siguran\u021b\u0103. El &hellip; <a href=\"https:\/\/microscopemedia.com\/?p=680597\" class=\"more-link\">Read More<\/a><\/p>\n","protected":false},"author":1,"featured_media":680598,"comment_status":"closed","ping_status":"closed","sticky":false,"template":"Default","format":"standard","meta":[],"categories":[1],"tags":[],"_links":{"self":[{"href":"https:\/\/microscopemedia.com\/index.php?rest_route=\/wp\/v2\/posts\/680597"}],"collection":[{"href":"https:\/\/microscopemedia.com\/index.php?rest_route=\/wp\/v2\/posts"}],"about":[{"href":"https:\/\/microscopemedia.com\/index.php?rest_route=\/wp\/v2\/types\/post"}],"author":[{"embeddable":true,"href":"https:\/\/microscopemedia.com\/index.php?rest_route=\/wp\/v2\/users\/1"}],"replies":[{"embeddable":true,"href":"https:\/\/microscopemedia.com\/index.php?rest_route=%2Fwp%2Fv2%2Fcomments&post=680597"}],"version-history":[{"count":0,"href":"https:\/\/microscopemedia.com\/index.php?rest_route=\/wp\/v2\/posts\/680597\/revisions"}],"wp:featuredmedia":[{"embeddable":true,"href":"https:\/\/microscopemedia.com\/index.php?rest_route=\/wp\/v2\/media\/680598"}],"wp:attachment":[{"href":"https:\/\/microscopemedia.com\/index.php?rest_route=%2Fwp%2Fv2%2Fmedia&parent=680597"}],"wp:term":[{"taxonomy":"category","embeddable":true,"href":"https:\/\/microscopemedia.com\/index.php?rest_route=%2Fwp%2Fv2%2Fcategories&post=680597"},{"taxonomy":"post_tag","embeddable":true,"href":"https:\/\/microscopemedia.com\/index.php?rest_route=%2Fwp%2Fv2%2Ftags&post=680597"}],"curies":[{"name":"wp","href":"https:\/\/api.w.org\/{rel}","templated":true}]}}