{"id":680599,"date":"2026-03-07T18:56:04","date_gmt":"2026-03-07T18:56:04","guid":{"rendered":"https:\/\/microscopemedia.com\/?p=680599"},"modified":"2026-03-07T18:56:04","modified_gmt":"2026-03-07T18:56:04","slug":"ciprian-ciucu-despre-starea-bucurestiului-si-planurile-primariei-o-sa-am-de-lucru-pare-sisific-dar-ma-stiti-sunt-determinat","status":"publish","type":"post","link":"https:\/\/microscopemedia.com\/?p=680599","title":{"rendered":"Ciprian Ciucu despre starea Bucure\u0219tiului \u0219i planurile Prim\u0103riei: \u201eO s\u0103 am de lucru! Pare sisific, dar m\u0103 \u0219ti\u021bi, sunt determinat.\u201d"},"content":{"rendered":"<div><img decoding=\"async\" src=\"https:\/\/microscopemedia.com\/wp-content\/uploads\/2026\/03\/ciprian-ciucu-despre-starea-bucurestiului-si-planurile-primariei-o-sa-am-de-lucru-pare-sisific-dar-ma-stiti-sunt-determinat.jpg\" class=\"ff-og-image-inserted\"><\/div>\n<p id=\"p-0\">Primarul Bucure\u0219tiului, <strong data-start=\"140\" data-end=\"157\">Ciprian Ciucu<\/strong>, a scris s\u00e2mb\u0103t\u0103 sear\u0103 pe pagina sa de Facebook despre starea actual\u0103 a ora\u0219ului, f\u0103c\u00e2nd o serie de observa\u021bii critice referitor la degradarea continu\u0103 a Capitalei.<\/p>\n<p id=\"p-1\">\u201eDezordine, degradare, del\u0103sare, nep\u0103sare peste care un strat sub\u021bire de ini\u021biativ\u0103 privat\u0103 a deschis ni\u0219te localuri de calitate \u0219i se \u00eencapa\u021b\u00e2neaz\u0103 s\u0103 \u021bin\u0103 \u021besutul urban \u00een via\u021b\u0103\u201d, a scris Ciprian Ciucu.<\/p>\n<p id=\"p-3\">Primarul a descris \u00een postarea sa situa\u021bia grav\u0103 a cl\u0103dirilor abandonate \u0219i vandalizate, \u201emobilierul urban pestri\u021b, vechi, ruginit \u0219i vandalizat\u201d, \u0219i a declarat c\u0103 cet\u0103\u021benii care vor s\u0103 ias\u0103 din cas\u0103 \u201ese strecoar\u0103 printre r\u00e2uri de ma\u0219ini care b\u0103ltesc la bordur\u0103 \u0219i peste tot\u201d.<\/p>\n<p data-start=\"830\" data-end=\"1282\" id=\"p-4\">Ciucu a f\u0103cut \u0219i c\u00e2teva preciz\u0103ri referitoare la responsabilit\u0103\u021bile administra\u021biei, iar apoi a criticat lipsa lor de implicare \u00een \u00eembun\u0103t\u0103\u021birea calit\u0103\u021bii ora\u0219ului: \u201eAutoritatea public\u0103, anemic\u0103. Poli\u021bia local\u0103, inexistent\u0103.\u201d<\/p>\n<p data-start=\"830\" data-end=\"1282\" id=\"p-5\">\u201eO s\u0103 am de lucru! Pare sisific, dar m\u0103 \u0219ti\u021bi, sunt determinat.\u201d, a scris el.<\/p>\n<p data-start=\"830\" data-end=\"1282\" id=\"p-6\">\u00cen ultimele zile, Ciprian Ciucu afirm\u0103 c\u0103 a ie\u0219it personal pe teren \u00eempreun\u0103 cu directorii \u0219i func\u021bionarii prim\u0103riei, implic\u00e2nd \u0219i poli\u021bia local\u0103, administra\u021bia str\u0103zilor, urbanismul \u0219i arhitec\u021bi independen\u021bi.<\/p>\n<p data-start=\"1284\" data-end=\"1747\" id=\"p-7\">Pe baza acestei evalu\u0103ri f\u0103cute, primarul a luat \u201edecizii pentru repara\u021bii, mici proiecte de pietonalizare, punctuale, refacerea spa\u021biului verde \u0219i a unor trotuare\u201d \u0219i a evaluat proiecte mai mari din Planul Urban de Mobilitate, anun\u021b\u00e2nd c\u0103 strada Brezoianu va fi prioritar\u0103.<\/p>\n<p data-start=\"1284\" data-end=\"1747\" id=\"p-8\">\u00cen paralel, Ciucu precizat c\u0103 \u201eterasele cu construc\u021bii ilegale vor disp\u0103rea \u00een timp, \u00een timp ce vom u\u0219ura \u00eenchirierea spa\u021biului public pentru mese \u0219i scaunele restaurantelor \u0219i cafenelelor\u201d.<\/p>\n<p data-start=\"1284\" data-end=\"1747\" id=\"p-9\">\u201eSunt multe de f\u0103cut! Vom aborda zon\u0103 cu zon\u0103, incremental. Eu v\u0103 promit mult\u0103 munc\u0103 \u0219i determinare. Dumneavoastr\u0103 doar s\u0103 ave\u021bi \u00eencredere \u0219i r\u0103bdare s\u0103 punem ora\u0219ul la punct!\u201d, a scris Ciucu.<\/p>\n","protected":false},"excerpt":{"rendered":"<p>Primarul Bucure\u0219tiului, Ciprian Ciucu, a scris s\u00e2mb\u0103t\u0103 sear\u0103 pe pagina sa de Facebook despre starea actual\u0103 a ora\u0219ului, f\u0103c\u00e2nd o serie de observa\u021bii critice referitor la degradarea continu\u0103 a Capitalei. &hellip; <a href=\"https:\/\/microscopemedia.com\/?p=680599\" class=\"more-link\">Read More<\/a><\/p>\n","protected":false},"author":1,"featured_media":680600,"comment_status":"closed","ping_status":"closed","sticky":false,"template":"Default","format":"standard","meta":[],"categories":[1],"tags":[],"_links":{"self":[{"href":"https:\/\/microscopemedia.com\/index.php?rest_route=\/wp\/v2\/posts\/680599"}],"collection":[{"href":"https:\/\/microscopemedia.com\/index.php?rest_route=\/wp\/v2\/posts"}],"about":[{"href":"https:\/\/microscopemedia.com\/index.php?rest_route=\/wp\/v2\/types\/post"}],"author":[{"embeddable":true,"href":"https:\/\/microscopemedia.com\/index.php?rest_route=\/wp\/v2\/users\/1"}],"replies":[{"embeddable":true,"href":"https:\/\/microscopemedia.com\/index.php?rest_route=%2Fwp%2Fv2%2Fcomments&post=680599"}],"version-history":[{"count":0,"href":"https:\/\/microscopemedia.com\/index.php?rest_route=\/wp\/v2\/posts\/680599\/revisions"}],"wp:featuredmedia":[{"embeddable":true,"href":"https:\/\/microscopemedia.com\/index.php?rest_route=\/wp\/v2\/media\/680600"}],"wp:attachment":[{"href":"https:\/\/microscopemedia.com\/index.php?rest_route=%2Fwp%2Fv2%2Fmedia&parent=680599"}],"wp:term":[{"taxonomy":"category","embeddable":true,"href":"https:\/\/microscopemedia.com\/index.php?rest_route=%2Fwp%2Fv2%2Fcategories&post=680599"},{"taxonomy":"post_tag","embeddable":true,"href":"https:\/\/microscopemedia.com\/index.php?rest_route=%2Fwp%2Fv2%2Ftags&post=680599"}],"curies":[{"name":"wp","href":"https:\/\/api.w.org\/{rel}","templated":true}]}}