{"id":680601,"date":"2026-03-07T19:26:04","date_gmt":"2026-03-07T19:26:04","guid":{"rendered":"https:\/\/microscopemedia.com\/?p=680601"},"modified":"2026-03-07T19:26:04","modified_gmt":"2026-03-07T19:26:04","slug":"comemorarea-suporterilor-paok-salonic-in-timis-monument-ridicat-langa-lugoj-pentru-victimele-accidentului","status":"publish","type":"post","link":"https:\/\/microscopemedia.com\/?p=680601","title":{"rendered":"Comemorarea suporterilor PAOK Salonic \u00een Timi\u0219. Monument ridicat l\u00e2ng\u0103 Lugoj pentru victimele accidentului"},"content":{"rendered":"<p data-start=\"194\" data-end=\"577\" id=\"p-0\">La locul tragediei a fost amplasat un monument \u00een memoria victimelor, iar participan\u021bii au adus flori \u0219i coroane.<\/p>\n<p data-start=\"690\" data-end=\"935\" id=\"p-1\">Dou\u0103 autocare cu suporteri ai echipei PAOK Salonic au ajuns s\u00e2mb\u0103t\u0103 \u00een jude\u021bul Timi\u0219, la locul accidentului unde \u0219apte tineri greci au murit \u00een luna ianuarie. Ace\u0219tia au fost \u00eent\u00e2mpina\u021bi de peste 50 de suporteri ai echipei Politehnica Timi\u0219oara.<\/p>\n<div class=\"single__inline-gallery color-white mg-bottom-20 bg-black padding-5 md:rounded-10\">\n<div class=\"md:rounded-5 display-grid xs:grid-cols-2 grid-cols-3 gap-5\">\n<div class=\"single__inline-gallery-image relative column-span-2 row-span-2\">\n                <a href=\"https:\/\/www.mediafax.ro\/poze\/comemorarea-suporterilor-paok-salonic-in-timis-monument-ridicat-langa-lugoj-pentru-victimele-accidentului-23699046\"><br \/>\n                    <img decoding=\"async\" loading=\"lazy\" src=\"https:\/\/microscopemedia.com\/wp-content\/uploads\/2026\/03\/comemorarea-suporterilor-paok-salonic-in-timis-monument-ridicat-langa-lugoj-pentru-victimele-accidentului.jpg\" width=\"700\" height=\"450\"><br \/>\n                <\/a>\n                            <\/div>\n<div class=\"single__inline-gallery-image relative \">\n                <a href=\"https:\/\/www.mediafax.ro\/poze\/comemorarea-suporterilor-paok-salonic-in-timis-monument-ridicat-langa-lugoj-pentru-victimele-accidentului-23699046\"><br \/>\n                    <img decoding=\"async\" loading=\"lazy\" src=\"https:\/\/microscopemedia.com\/wp-content\/uploads\/2026\/03\/comemorarea-suporterilor-paok-salonic-in-timis-monument-ridicat-langa-lugoj-pentru-victimele-accidentului-1.jpg\" width=\"700\" height=\"450\"><br \/>\n                <\/a>\n                            <\/div>\n<\/p><\/div>\n<\/p><\/div>\n<p data-start=\"937\" data-end=\"1202\" id=\"p-2\">\u00cempreun\u0103, suporterii celor dou\u0103 echipe au depus coroane de flori \u0219i au participat la ceremonia de inaugurare a unui monument ridicat \u00een memoria victimelor. Evenimentul a avut un caracter emo\u021bionant \u0219i a reunit, pe l\u00e2ng\u0103 suporteri, \u0219i membri ai familiilor \u00eendoliate.<\/p>\n<p data-start=\"1204\" data-end=\"1371\" id=\"p-3\">Gestul a fost interpretat ca un simbol de solidaritate \u00eentre comunit\u0103\u021bile de suporteri din Rom\u00e2nia \u0219i Grecia, unite de tragedia care a curmat via\u021ba celor \u0219apte tineri.<\/p>\n<h2 data-section-id=\"18fo3fg\" data-start=\"1373\" data-end=\"1470\" id=\"chapter-0\">Slujb\u0103 religioas\u0103 la 40 de zile de la tragedie<\/h2>\n<p data-start=\"1472\" data-end=\"1638\" id=\"p-4\">La ceremonia de comemorare a participat \u0219i Mitropolitul Banatului, \u00cePS Ioan Selejan, care a oficiat o slujb\u0103 de parastas, \u00eenconjurat de un sobor de preo\u021bi \u0219i diaconi.<\/p>\n<p data-start=\"1640\" data-end=\"1848\" id=\"p-5\">Potrivit tradi\u021biei ortodoxe, la 40 de zile de la moartea unei persoane se organizeaz\u0103 o rug\u0103ciune special\u0103 pentru odihna sufletului. \u00cen acest context, a fost ridicat\u0103 o cruce \u00een memoria celor \u0219apte suporteri.<\/p>\n<p data-start=\"1850\" data-end=\"2148\" id=\"p-6\">\u201eDup\u0103 tradi\u021bia noastr\u0103 ortodox\u0103, la 40 de zile dup\u0103 ce omul moare se face o rug\u0103ciune pentru sufletul lui. A\u0219a c\u0103, dup\u0103 tradi\u021bia noastr\u0103 ortodox\u0103 \u0219i cum ace\u0219ti \u0219apte tineri \u0219i-au sf\u00e2r\u0219it drumul vie\u021bii aici, s-a ridicat o cruce \u00een amintirea lor\u201d, a transmis \u00cePS Ioan Selejan, potrivit <a href=\"https:\/\/www.opiniatimisoarei.ro\/video-monument-in-locul-in-care-7-suporteri-paok-salonic-au-murit-in-tragicul-accident-de-langa-lugoj-fani-ai-echipei-din-grecia-si-de-la-poli-timisoara-au-adus-coroane-si-flori\/07\/03\/2026\" target=\"_blank\" rel=\"noopener\">presei locale<\/a>.<\/p>\n<p data-start=\"2150\" data-end=\"2286\" id=\"p-7\">Mitropolia Banatului a precizat c\u0103 la slujb\u0103 au participat \u0219i membrii familiilor celor deceda\u021bi, care au venit special pentru ceremonie.<\/p>\n","protected":false},"excerpt":{"rendered":"<p>La locul tragediei a fost amplasat un monument \u00een memoria victimelor, iar participan\u021bii au adus flori \u0219i coroane. Dou\u0103 autocare cu suporteri ai echipei PAOK Salonic au ajuns s\u00e2mb\u0103t\u0103 \u00een &hellip; <a href=\"https:\/\/microscopemedia.com\/?p=680601\" class=\"more-link\">Read More<\/a><\/p>\n","protected":false},"author":1,"featured_media":680602,"comment_status":"closed","ping_status":"closed","sticky":false,"template":"Default","format":"standard","meta":[],"categories":[1],"tags":[],"_links":{"self":[{"href":"https:\/\/microscopemedia.com\/index.php?rest_route=\/wp\/v2\/posts\/680601"}],"collection":[{"href":"https:\/\/microscopemedia.com\/index.php?rest_route=\/wp\/v2\/posts"}],"about":[{"href":"https:\/\/microscopemedia.com\/index.php?rest_route=\/wp\/v2\/types\/post"}],"author":[{"embeddable":true,"href":"https:\/\/microscopemedia.com\/index.php?rest_route=\/wp\/v2\/users\/1"}],"replies":[{"embeddable":true,"href":"https:\/\/microscopemedia.com\/index.php?rest_route=%2Fwp%2Fv2%2Fcomments&post=680601"}],"version-history":[{"count":0,"href":"https:\/\/microscopemedia.com\/index.php?rest_route=\/wp\/v2\/posts\/680601\/revisions"}],"wp:featuredmedia":[{"embeddable":true,"href":"https:\/\/microscopemedia.com\/index.php?rest_route=\/wp\/v2\/media\/680602"}],"wp:attachment":[{"href":"https:\/\/microscopemedia.com\/index.php?rest_route=%2Fwp%2Fv2%2Fmedia&parent=680601"}],"wp:term":[{"taxonomy":"category","embeddable":true,"href":"https:\/\/microscopemedia.com\/index.php?rest_route=%2Fwp%2Fv2%2Fcategories&post=680601"},{"taxonomy":"post_tag","embeddable":true,"href":"https:\/\/microscopemedia.com\/index.php?rest_route=%2Fwp%2Fv2%2Ftags&post=680601"}],"curies":[{"name":"wp","href":"https:\/\/api.w.org\/{rel}","templated":true}]}}