{"id":680609,"date":"2026-03-07T20:16:04","date_gmt":"2026-03-07T20:16:04","guid":{"rendered":"https:\/\/microscopemedia.com\/?p=680609"},"modified":"2026-03-07T20:16:04","modified_gmt":"2026-03-07T20:16:04","slug":"agentia-christian-tour-anunta-repatrierea-a-369-de-turisti-romani-blocati-in-emiratele-arabe-unite","status":"publish","type":"post","link":"https:\/\/microscopemedia.com\/?p=680609","title":{"rendered":"Agen\u021bia Christian Tour anun\u021b\u0103 repatrierea a 369 de turi\u0219ti rom\u00e2ni bloca\u021bi \u00een Emiratele Arabe Unite"},"content":{"rendered":"<div><img decoding=\"async\" src=\"https:\/\/microscopemedia.com\/wp-content\/uploads\/2026\/03\/agentia-christian-tour-anunta-repatrierea-a-369-de-turisti-romani-blocati-in-emiratele-arabe-unite.jpg\" class=\"ff-og-image-inserted\"><\/div>\n<p data-start=\"103\" data-end=\"489\" id=\"p-0\">Agen\u021bia de turism <span class=\"hover:entity-accent entity-underline inline cursor-pointer align-baseline\"><span class=\"whitespace-normal\">Christian Tour<\/span><\/span> a anun\u021bat c\u0103 sute de turi\u0219ti rom\u00e2ni care au r\u0103mas bloca\u021bi \u00een <span class=\"hover:entity-accent entity-underline inline cursor-pointer align-baseline\"><span class=\"whitespace-normal\">Emiratele Arabe Unite<\/span><\/span> revin \u00een \u021bar\u0103 cu dou\u0103 curse aeriene speciale.<\/p>\n<p data-start=\"103\" data-end=\"489\" id=\"p-1\">\u00cen total, 369 de persoane urmeaz\u0103 s\u0103 ajung\u0103 \u00een <span class=\"hover:entity-accent entity-underline inline cursor-pointer align-baseline\"><span class=\"whitespace-normal\">Bucure\u0219ti<\/span><\/span> \u00een noaptea de s\u00e2mb\u0103t\u0103, dup\u0103 o perioad\u0103 de incertitudine cauzat\u0103 de conflictul din Orientul Mijlociu.<\/p>\n<p data-start=\"491\" data-end=\"800\" id=\"p-2\">Potrivit companiei, zborurile au fost organizate special pentru turi\u0219tii care nu au reu\u0219it s\u0103 plece din regiune din cauza restric\u021biilor ap\u0103rute \u00een traficul aerian. Situa\u021bia a ap\u0103rut dup\u0103 izbucnirea conflictului din zon\u0103, ce a dus la \u00eenchiderea unor spa\u021bii aeriene \u0219i anularea mai multor curse comerciale.<\/p>\n<p data-start=\"802\" data-end=\"1157\" id=\"p-3\">Cele dou\u0103 aeronave au plecat din ora\u0219ul <span class=\"hover:entity-accent entity-underline inline cursor-pointer align-baseline\"><span class=\"whitespace-normal\">Fujairah<\/span><\/span> \u0219i transport\u0103 369 de pasageri. Avioanele au o capacitate de 180, respectiv 189 de locuri \u0219i vor ajunge pe <span class=\"hover:entity-accent entity-underline inline cursor-pointer align-baseline\"><span class=\"whitespace-normal\">Aeroportul Interna\u021bional Henri Coand\u0103<\/span><\/span> dup\u0103 ora 23:30. Zborurile includ o escal\u0103 tehnic\u0103 \u00een <span class=\"hover:entity-accent entity-underline inline cursor-pointer align-baseline\"><span class=\"whitespace-normal\">Hurghada<\/span><\/span>, \u00een <span class=\"hover:entity-accent entity-underline inline cursor-pointer align-baseline\"><span class=\"whitespace-normal\">Egipt<\/span><\/span>.<\/p>\n<p data-start=\"1159\" data-end=\"1516\" id=\"p-4\">Reprezentan\u021bii agen\u021biei au precizat c\u0103 este vorba despre turi\u0219ti care trebuiau s\u0103 se \u00eentoarc\u0103 \u00een Rom\u00e2nia cu zboruri programate anterior.<\/p>\n<p data-start=\"1159\" data-end=\"1516\" id=\"p-5\">Unii aveau plecare din <span class=\"hover:entity-accent entity-underline inline cursor-pointer align-baseline\"><span class=\"whitespace-normal\">Abu Dhabi<\/span><\/span> \u00een data de 28 februarie, iar al\u021bii din <span class=\"hover:entity-accent entity-underline inline cursor-pointer align-baseline\"><span class=\"whitespace-normal\">Dubai<\/span><\/span> pe 3 martie. Problemele ap\u0103rute \u00een transportul aerian au blocat \u00eens\u0103 aceste curse.<\/p>\n<p data-start=\"1518\" data-end=\"2129\" id=\"p-6\">\u201eCele dou\u0103 aeronave, cu o capacitate de 180, respectiv 189 de locuri, av\u00e2nd la bord 369 pasageri, au decolat din Fujairah (EAU) \u015fi vor ajunge la Bucure\u015fti, pe Aeroportul Interna\u0163ional Henri Coand\u0103, dup\u0103 ora 23:30, dup\u0103 o escal\u0103 tehnic\u0103 \u00een Hurghada (Egipt). Este vorba despre turi\u015ftii care ar fi trebuit s\u0103 revin\u0103 \u00een \u0163ar\u0103 din Abu Dhabi pe 28 februarie, respectiv din Dubai \u00een data de 3 martie. \u00cen tot acest interval, echipele Christian Tour au lucrat \u00eempreun\u0103 cu partenerii locali, cu operatorii aerieni \u015fi cu reprezentan\u0163ii aeroportuari pentru a g\u0103si cea mai sigur\u0103 solu\u0163ie de transport pentru turi\u015ftii rom\u00e2ni\u201d.<\/p>\n<p data-start=\"2131\" data-end=\"2430\" id=\"p-7\">\u00cen cursul zilei de s\u00e2mb\u0103t\u0103, turi\u0219tii au fost transporta\u021bi de la hotelurile unde au stat \u00een aceast\u0103 perioad\u0103 c\u0103tre aeroportul din Fujairah, locul de \u00eembarcare pentru zborurile speciale.<\/p>\n<p data-start=\"2131\" data-end=\"2430\" id=\"p-8\">Compania a anun\u021bat c\u0103 toate costurile generate de organizarea acestor curse au fost acoperite integral de agen\u021bie. Directorul general \u0219i fondatorul Christian Tour, <span class=\"hover:entity-accent entity-underline inline cursor-pointer align-baseline\"><span class=\"whitespace-normal\">Cristian Pandel<\/span><\/span>, a explicat c\u0103 prioritatea principal\u0103 a companiei r\u0103m\u00e2ne siguran\u021ba clien\u021bilor.<\/p>\n<p data-start=\"2131\" data-end=\"2430\" id=\"p-9\">\u201eCea mai important\u0103 responsabilitate a noastr\u0103 este siguran\u0163a turi\u015ftilor, iar de la izbucnirea conflictului \u00een regiune, am fost permanent \u00een leg\u0103tur\u0103 cu turi\u015ftii no\u015ftri, i-am rerutat acolo unde a fost posibil, ne-am ocupat de caz\u0103ri \u015fi acum am reu\u015fit s\u0103 organiz\u0103m aceste zboruri speciale pentru a-i aduce \u00een siguran\u0163\u0103 acas\u0103. Toate costurile repatrierii au fost asumate de Christian Tour. Astfel de momente arat\u0103 cel mai clar diferen\u0163a dintre o vacan\u0163\u0103 cump\u0103rat\u0103 de oriunde \u015fi una organizat\u0103 de un turoperator cu experien\u0163\u0103, de aceea e important ca oamenii s\u0103 aleag\u0103 vacan\u0163e cu agen\u0163ii de turism solide, cu echipe care pot interveni atunci c\u00e2nd apar situa\u0163ii neprev\u0103zute\u201d.<\/p>\n","protected":false},"excerpt":{"rendered":"<p>Agen\u021bia de turism Christian Tour a anun\u021bat c\u0103 sute de turi\u0219ti rom\u00e2ni care au r\u0103mas bloca\u021bi \u00een Emiratele Arabe Unite revin \u00een \u021bar\u0103 cu dou\u0103 curse aeriene speciale. \u00cen total, &hellip; <a href=\"https:\/\/microscopemedia.com\/?p=680609\" class=\"more-link\">Read More<\/a><\/p>\n","protected":false},"author":1,"featured_media":680610,"comment_status":"closed","ping_status":"closed","sticky":false,"template":"Default","format":"standard","meta":[],"categories":[1],"tags":[],"_links":{"self":[{"href":"https:\/\/microscopemedia.com\/index.php?rest_route=\/wp\/v2\/posts\/680609"}],"collection":[{"href":"https:\/\/microscopemedia.com\/index.php?rest_route=\/wp\/v2\/posts"}],"about":[{"href":"https:\/\/microscopemedia.com\/index.php?rest_route=\/wp\/v2\/types\/post"}],"author":[{"embeddable":true,"href":"https:\/\/microscopemedia.com\/index.php?rest_route=\/wp\/v2\/users\/1"}],"replies":[{"embeddable":true,"href":"https:\/\/microscopemedia.com\/index.php?rest_route=%2Fwp%2Fv2%2Fcomments&post=680609"}],"version-history":[{"count":0,"href":"https:\/\/microscopemedia.com\/index.php?rest_route=\/wp\/v2\/posts\/680609\/revisions"}],"wp:featuredmedia":[{"embeddable":true,"href":"https:\/\/microscopemedia.com\/index.php?rest_route=\/wp\/v2\/media\/680610"}],"wp:attachment":[{"href":"https:\/\/microscopemedia.com\/index.php?rest_route=%2Fwp%2Fv2%2Fmedia&parent=680609"}],"wp:term":[{"taxonomy":"category","embeddable":true,"href":"https:\/\/microscopemedia.com\/index.php?rest_route=%2Fwp%2Fv2%2Fcategories&post=680609"},{"taxonomy":"post_tag","embeddable":true,"href":"https:\/\/microscopemedia.com\/index.php?rest_route=%2Fwp%2Fv2%2Ftags&post=680609"}],"curies":[{"name":"wp","href":"https:\/\/api.w.org\/{rel}","templated":true}]}}