{"id":680613,"date":"2026-03-07T20:57:03","date_gmt":"2026-03-07T20:57:03","guid":{"rendered":"https:\/\/microscopemedia.com\/?p=680613"},"modified":"2026-03-07T20:57:03","modified_gmt":"2026-03-07T20:57:03","slug":"netanyahu-anunta-continuarea-atacurilor-israelului-impotriva-iranului-avem-control-aproape-total-asupra-spatiului-aerian","status":"publish","type":"post","link":"https:\/\/microscopemedia.com\/?p=680613","title":{"rendered":"Netanyahu anun\u021b\u0103 continuarea atacurilor Israelului \u00eempotriva Iranului: \u201eAvem control aproape total asupra spa\u021biului aerian\u201d"},"content":{"rendered":"<div><img decoding=\"async\" src=\"https:\/\/microscopemedia.com\/wp-content\/uploads\/2026\/03\/netanyahu-anunta-continuarea-atacurilor-israelului-impotriva-iranului-avem-control-aproape-total-asupra-spatiului-aerian.jpg\" class=\"ff-og-image-inserted\"><\/div>\n<p data-start=\"346\" data-end=\"804\" id=\"p-0\">Declara\u021bia a fost f\u0103cut\u0103 \u00eentr-un discurs televizat adresat na\u021biunii, pe fondul numeroaselor alerte de atac declan\u0219ate pe teritoriul Israelului, scrie <a href=\"https:\/\/www.ynetnews.com\/category\/3089\" target=\"_blank\" rel=\"noopener\">ynetglobal.com<\/a>.<\/p>\n<p data-start=\"806\" data-end=\"1070\" id=\"p-1\">Potrivit premierului israelian, <a href=\"https:\/\/www.mediafax.ro\/externe\/razboi-in-orientul-mijlociu-ziua-8-consiliul-din-iran-se-reuneste-maine-pentru-a-alege-urmatorul-lider-suprem-netanyahu-israelul-are-multe-surprize-pentru-urmatoarea-faza-a-razb-23698821\" target=\"_blank\" rel=\"noopener\">opera\u021biunea militar\u0103<\/a> lansat\u0103 pe 28 februarie, \u00een cooperare cu Statele Unite, face parte dintr-un \u201eplan metodic\u201d care are ca obiectiv eliminarea regimului de la Teheran \u0219i neutralizarea amenin\u021b\u0103rii reprezentate de Republica Islamic\u0103.<\/p>\n<p data-start=\"1072\" data-end=\"1237\" id=\"p-2\">\u201eVom continua cu toat\u0103 for\u021ba noastr\u0103. Avem un plan metodic pentru a eradica regimul iranian \u0219i pentru a atinge mai multe obiective strategice\u201d, a declarat Netanyahu.<\/p>\n<p data-start=\"1362\" data-end=\"1550\" id=\"p-3\">\u00cen discursul s\u0103u, Netanyahu s-a adresat direct poporului iranian, afirm\u00e2nd c\u0103 \u201emomentul adev\u0103rului se apropie\u201d \u0219i suger\u00e2nd c\u0103 schimbarea regimului ar putea depinde de ac\u021biunile popula\u021biei.<\/p>\n<p data-start=\"1552\" data-end=\"1725\" id=\"p-4\">\u201eAm intrat \u00een acest r\u0103zboi pentru a permite poporului iranian s\u0103 \u00ee\u0219i ia soarta \u00een propriile m\u00e2ini. Vrem s\u0103 eliber\u0103m poporul de sub jugul tiraniei\u201d, a spus liderul israelian.<\/p>\n<p data-start=\"1727\" data-end=\"1974\" id=\"p-5\">Premierul a insistat c\u0103 Israelul nu urm\u0103re\u0219te divizarea Iranului, ci \u201eeliberarea acestuia\u201d. El a prezis, totodat\u0103, c\u0103 \u00een viitor Israelul \u0219i Iranul ar putea deveni din nou \u201eprieteni puternici\u201d, ceea ce ar putea deschide calea c\u0103tre pace \u00een regiune.<\/p>\n<p data-start=\"1976\" data-end=\"2168\" id=\"p-6\">Netanyahu a transmis \u0219i un avertisment membrilor <span class=\"hover:entity-accent entity-underline inline cursor-pointer align-baseline\"><span class=\"whitespace-normal\">Islamic Revolutionary Guard Corps<\/span><\/span>, cunoscu\u021bi drept Garda Revolu\u021bionar\u0103 iranian\u0103, afirm\u00e2nd c\u0103 ace\u0219tia se afl\u0103 \u00een vizorul armatei israeliene.<\/p>\n<p data-start=\"2170\" data-end=\"2298\" id=\"p-7\">\u201eCine depune armele nu va fi r\u0103nit, iar cine nu o face va fi responsabil pentru propriul s\u00e2nge\u201d, a declarat premierul israelian.<\/p>\n<h2 data-section-id=\"daq2rt\" data-start=\"2300\" data-end=\"2410\" id=\"chapter-0\">Netanyahu anun\u021b\u0103 continuarea atacurilor Israelului \u00eempotriva Iranului \u0219i critic\u0103 ONU \u0219i liderii occidentali<\/h2>\n<p data-start=\"2412\" data-end=\"2621\" id=\"p-8\">\u00cen aceea\u0219i interven\u021bie, Netanyahu a criticat comunitatea interna\u021bional\u0103, \u00een special <span class=\"hover:entity-accent entity-underline inline cursor-pointer align-baseline\"><span class=\"whitespace-normal\">United Nations<\/span><\/span> \u0219i mai mul\u021bi lideri occidentali, acuz\u00e2ndu-i de pasivitate \u00een fa\u021ba represiunii din Iran.<\/p>\n<p data-start=\"2623\" data-end=\"2870\" id=\"p-9\">Premierul israelian a invocat reprimarea protestelor din Iran \u0219i l-a men\u021bionat pe fostul lider suprem iranian, <span class=\"hover:entity-accent entity-underline inline cursor-pointer align-baseline\"><span class=\"whitespace-normal\">Ali Khamenei<\/span><\/span>, acuz\u00e2nd institu\u021biile interna\u021bionale c\u0103 nu au reac\u021bionat \u00een fa\u021ba violen\u021belor \u00eempotriva popula\u021biei.<\/p>\n<p data-start=\"2872\" data-end=\"2990\" id=\"p-10\">\u201eMulte \u021b\u0103ri v\u0103d ast\u0103zi exact pe cine pot conta. Israelul este un far al puterii \u0219i al speran\u021bei\u201d, a afirmat Netanyahu.<\/p>\n<p data-start=\"2992\" data-end=\"3197\" id=\"p-11\">Liderul israelian a sus\u021binut c\u0103 succesul opera\u021biunilor militare nu ar aduce doar eliminarea amenin\u021b\u0103rii nucleare iraniene, ci \u0219i o pace mai larg\u0103 \u00een Orientul Mijlociu \u0219i, \u00een cele din urm\u0103, la nivel global.<\/p>\n<p data-start=\"3199\" data-end=\"3447\" id=\"p-12\">\u00cen finalul discursului, Netanyahu a subliniat c\u0103 Israelul continu\u0103 opera\u021biunile militare \u0219i c\u0103 determinarea \u0219i ini\u021biativa sunt esen\u021biale \u00eentr-un conflict de asemenea amploare. \u201eSchimb\u0103m fa\u021ba Orientului Mijlociu\u201d, a concluzionat premierul israelian.<\/p>\n","protected":false},"excerpt":{"rendered":"<p>Declara\u021bia a fost f\u0103cut\u0103 \u00eentr-un discurs televizat adresat na\u021biunii, pe fondul numeroaselor alerte de atac declan\u0219ate pe teritoriul Israelului, scrie ynetglobal.com. Potrivit premierului israelian, opera\u021biunea militar\u0103 lansat\u0103 pe 28 februarie, &hellip; <a href=\"https:\/\/microscopemedia.com\/?p=680613\" class=\"more-link\">Read More<\/a><\/p>\n","protected":false},"author":1,"featured_media":680614,"comment_status":"closed","ping_status":"closed","sticky":false,"template":"Default","format":"standard","meta":[],"categories":[1],"tags":[],"_links":{"self":[{"href":"https:\/\/microscopemedia.com\/index.php?rest_route=\/wp\/v2\/posts\/680613"}],"collection":[{"href":"https:\/\/microscopemedia.com\/index.php?rest_route=\/wp\/v2\/posts"}],"about":[{"href":"https:\/\/microscopemedia.com\/index.php?rest_route=\/wp\/v2\/types\/post"}],"author":[{"embeddable":true,"href":"https:\/\/microscopemedia.com\/index.php?rest_route=\/wp\/v2\/users\/1"}],"replies":[{"embeddable":true,"href":"https:\/\/microscopemedia.com\/index.php?rest_route=%2Fwp%2Fv2%2Fcomments&post=680613"}],"version-history":[{"count":0,"href":"https:\/\/microscopemedia.com\/index.php?rest_route=\/wp\/v2\/posts\/680613\/revisions"}],"wp:featuredmedia":[{"embeddable":true,"href":"https:\/\/microscopemedia.com\/index.php?rest_route=\/wp\/v2\/media\/680614"}],"wp:attachment":[{"href":"https:\/\/microscopemedia.com\/index.php?rest_route=%2Fwp%2Fv2%2Fmedia&parent=680613"}],"wp:term":[{"taxonomy":"category","embeddable":true,"href":"https:\/\/microscopemedia.com\/index.php?rest_route=%2Fwp%2Fv2%2Fcategories&post=680613"},{"taxonomy":"post_tag","embeddable":true,"href":"https:\/\/microscopemedia.com\/index.php?rest_route=%2Fwp%2Fv2%2Ftags&post=680613"}],"curies":[{"name":"wp","href":"https:\/\/api.w.org\/{rel}","templated":true}]}}