{"id":680617,"date":"2026-03-07T21:37:03","date_gmt":"2026-03-07T21:37:03","guid":{"rendered":"https:\/\/microscopemedia.com\/?p=680617"},"modified":"2026-03-07T21:37:03","modified_gmt":"2026-03-07T21:37:03","slug":"charalambous-si-a-dat-demisia-de-la-fcsb-dupa-esecul-de-pe-teren-propriu-cu-universitatea-cluj-scor-1-3","status":"publish","type":"post","link":"https:\/\/microscopemedia.com\/?p=680617","title":{"rendered":"Charalambous \u0219i-a dat demisia de la FCSB dup\u0103 e\u0219ecul de pe teren propriu cu Universitatea Cluj, scor 1-3"},"content":{"rendered":"<div><img decoding=\"async\" src=\"https:\/\/microscopemedia.com\/wp-content\/uploads\/2026\/03\/charalambous-si-a-dat-demisia-de-la-fcsb-dupa-esecul-de-pe-teren-propriu-cu-universitatea-cluj-scor-1-3.jpg\" class=\"ff-og-image-inserted\"><\/div>\n<p id=\"p-0\">Antrenorul ro\u0219-alba\u0219trilor sus\u021bine c\u0103 aceasta a fost ultima sa zi pe banca tehnic\u0103 a campioanei, ad\u0103ug\u00e2nd c\u0103 decizia \u00eei apar\u021bine \u00een totalitate, scrie <a href=\"https:\/\/www.prosport.ro\/fotbal-intern\/superliga\/elias-charalambous-si-a-anuntat-demisia-de-la-fcsb-cineva-trebuie-sa-si-asume-vina-20395732\" target=\"_blank\" rel=\"noopener\">ProSport<\/a>.<\/p>\n<p id=\"p-1\">Elias Charalambous \u0219i-a anun\u021bat demsia de la FCS dup\u0103 e\u0219ecul de pe teren propriu cu Universitatea Cluj, scor 1-3.<\/p>\n<p id=\"p-2\">Antrenorul ro\u0219-alba\u0219trilor sus\u021bine c\u0103 aceasta a fost ultima sa zi pe banca tehnic\u0103 a campioanei, ad\u0103ug\u00e2nd c\u0103 decizia \u00eei apar\u021bine \u00een totalitate.<\/p>\n<p id=\"p-3\">\u201eNu am ce s\u0103 spun multe lucruri despre meci. Pentru mine este ultima zi aici. Cel care va veni aici, poate va face mai mult dec\u00e2t mine. Este ultima zi, nu am alte raspunsuri. Este decizia mea.<\/p>\n<p id=\"p-4\">Echipa asta are obiectivul s\u0103 ajung\u0103 \u00een Europa \u0219i cred c\u0103 trebuie un \u0219oc la echip\u0103. Am avut doi ani extraordinari. Cineva trebuie s\u0103-\u0219i asume vina. S-a \u00eencheiat o poveste frumoas\u0103. Da, a fost ultima mea zi. Mul\u021bumesc\u201d, a spus Elias Charalambous.<\/p>\n<h2 id=\"chapter-0\">Reac\u021bia lui Gigi Becali: Eu, de exemplu, nu-l d\u0103deam afar\u0103<\/h2>\n<p id=\"p-5\">Gigi Becali care a aflat, \u00een direct la TV, c\u0103 Charalambous \u015fi-a dat demisia, a avut urm\u0103toarea reac\u021bie: \u201e\u00censeamn\u0103 c\u0103 pleac\u0103 \u015fi el. Erau ca fra\u021bii!\u201d, a spus magnatul, cu referire la plecarea lui Mihai Pintilii, relateaz\u0103 ProSport.<\/p>\n<p id=\"p-6\">\u201eAsta e. Foarte bine a f\u0103cut. Foarte bine a f\u0103cut. El, s\u0103racul, vede c\u0103 nu mai poate. Din demnitate, a zis: \u00abNu mai pot s\u0103 duc echipa\u00bb. Dac\u0103 juc\u0103torii fac ce fac, nu mai poate duce.<\/p>\n<p id=\"p-7\">Eu, de exemplu, nu-l d\u0103deam afar\u0103. Dac\u0103 se punea problema, \u00eei ziceam s\u0103 vorbim la sf\u00e2r\u0219it. C\u00e2nd se termina play-out-ul, s\u0103 conduc\u0103 altcineva echipa \u00een meciurile de baraj. Dac\u0103 \u0219i-a dat demisia, \u00eenseamn\u0103 c\u0103 \u0219i Pintii pleac\u0103. Ei erau \u00eempreun\u0103, foarte bine lega\u021bi. A\u0219a cred. O s\u0103 vorbesc acum, dup\u0103 ce \u00eenchid cu voi.<\/p>\n<p id=\"p-8\">O s\u0103 ne desp\u0103r\u021bim prietene\u0219te, pentru c\u0103 am avut mari realiz\u0103ri cu el. A f\u0103cut-o din demnitate, dac\u0103 juc\u0103torii lui batjocoresc fotbalul\u201d, a mai spus Gigi Becali.<\/p>\n<h2 id=\"chapter-1\">Bilan\u021bul antrenorului cipriot pe banca ro\u0219-alba\u0219trilor<\/h2>\n<p id=\"p-9\">Elias Charalambous a fost numit antrenor principal la FCSB pe 30 martie 2023. Adunat 170 de meciuri pe banca celor de la FCSB cu urm\u0103torul palmares: 88 de victorii, 41 de remize \u0219i 41 de \u00eenfr\u00e2ngeri.<\/p>\n<p id=\"p-10\">\u00cen perioada petrecut\u0103 la FCSB, Elias Charalambous a c\u00e2\u0219tigat dou\u0103 titluri \u00een SuperLiga \u0219i dou\u0103 Supercupe ale Rom\u00e2niei.<\/p>\n<p id=\"p-11\">Totodat\u0103, sub bagheta sa, FCSB a reu\u0219it \u0219i un parcurs european senza\u021bional \u00een sezonul 2024-2025 al cupelor europene, ajung\u00e2nd p\u00e2n\u0103 optimile de final\u0103 din Europa League.<\/p>\n<p id=\"p-12\">&nbsp;<\/p>\n","protected":false},"excerpt":{"rendered":"<p>Antrenorul ro\u0219-alba\u0219trilor sus\u021bine c\u0103 aceasta a fost ultima sa zi pe banca tehnic\u0103 a campioanei, ad\u0103ug\u00e2nd c\u0103 decizia \u00eei apar\u021bine \u00een totalitate, scrie ProSport. Elias Charalambous \u0219i-a anun\u021bat demsia de &hellip; <a href=\"https:\/\/microscopemedia.com\/?p=680617\" class=\"more-link\">Read More<\/a><\/p>\n","protected":false},"author":1,"featured_media":680618,"comment_status":"closed","ping_status":"closed","sticky":false,"template":"Default","format":"standard","meta":[],"categories":[1],"tags":[],"_links":{"self":[{"href":"https:\/\/microscopemedia.com\/index.php?rest_route=\/wp\/v2\/posts\/680617"}],"collection":[{"href":"https:\/\/microscopemedia.com\/index.php?rest_route=\/wp\/v2\/posts"}],"about":[{"href":"https:\/\/microscopemedia.com\/index.php?rest_route=\/wp\/v2\/types\/post"}],"author":[{"embeddable":true,"href":"https:\/\/microscopemedia.com\/index.php?rest_route=\/wp\/v2\/users\/1"}],"replies":[{"embeddable":true,"href":"https:\/\/microscopemedia.com\/index.php?rest_route=%2Fwp%2Fv2%2Fcomments&post=680617"}],"version-history":[{"count":0,"href":"https:\/\/microscopemedia.com\/index.php?rest_route=\/wp\/v2\/posts\/680617\/revisions"}],"wp:featuredmedia":[{"embeddable":true,"href":"https:\/\/microscopemedia.com\/index.php?rest_route=\/wp\/v2\/media\/680618"}],"wp:attachment":[{"href":"https:\/\/microscopemedia.com\/index.php?rest_route=%2Fwp%2Fv2%2Fmedia&parent=680617"}],"wp:term":[{"taxonomy":"category","embeddable":true,"href":"https:\/\/microscopemedia.com\/index.php?rest_route=%2Fwp%2Fv2%2Fcategories&post=680617"},{"taxonomy":"post_tag","embeddable":true,"href":"https:\/\/microscopemedia.com\/index.php?rest_route=%2Fwp%2Fv2%2Ftags&post=680617"}],"curies":[{"name":"wp","href":"https:\/\/api.w.org\/{rel}","templated":true}]}}