{"id":680621,"date":"2026-03-07T22:16:04","date_gmt":"2026-03-07T22:16:04","guid":{"rendered":"https:\/\/microscopemedia.com\/?p=680621"},"modified":"2026-03-07T22:16:04","modified_gmt":"2026-03-07T22:16:04","slug":"turcia-avertizeaza-impotriva-folosirii-kurzilor-ca-proxi-in-atacuri-asupra-iranului","status":"publish","type":"post","link":"https:\/\/microscopemedia.com\/?p=680621","title":{"rendered":"Turcia avertizeaz\u0103 \u00eempotriva folosirii kurzilor ca \u201eproxi\u201d \u00een atacuri asupra Iranului"},"content":{"rendered":"<div><img decoding=\"async\" src=\"https:\/\/microscopemedia.com\/wp-content\/uploads\/2026\/03\/turcia-avertizeaza-impotriva-folosirii-kurzilor-ca-proxi-in-atacuri-asupra-iranului.jpg\" class=\"ff-og-image-inserted\"><\/div>\n<p data-start=\"90\" data-end=\"341\" id=\"p-0\">Ministrul turc de externe, Hakan Fidan, a anun\u021bat c\u0103 a purtat o convorbire cu secretarul de stat american Marco Rubio, care a spus c\u0103 un plan prin care for\u021bele kurde iraniene cu sediul \u00een nordul Irakului s\u0103 atace Iranul \u201enu a fost inten\u021bia lor\u201d.<\/p>\n<p data-start=\"343\" data-end=\"592\" id=\"p-1\">Vorbind la o conferin\u021b\u0103 de pres\u0103 la Istanbul, Hakan Fidan a precizat c\u0103 aceste comentarii au fost f\u0103cute \u00een cadrul unei discu\u021bii telefonice recente, scrie <a href=\"https:\/\/www.theguardian.com\/world\/live\/2026\/mar\/07\/middle-east-crisis-live-tehran-explosions-beirut-trump-israel-iran-war-second-week#top-of-blog\">The Guardian<\/a>. Totodat\u0103, ministrul turc a acuzat Israelul c\u0103 utilizeaz\u0103 grupurile kurde drept \u201eintermediar\u201d \u00een regiune.<\/p>\n<div class=\"flex flex-col text-sm pb-25\">\n<article class=\"text-token-text-primary w-full focus:outline-none [--shadow-height:45px] has-data-writing-block:pointer-events-none has-data-writing-block:-mt-(--shadow-height) has-data-writing-block:pt-(--shadow-height) [&amp;:has([data-writing-block])>*]:pointer-events-auto scroll-mt-[calc(var(&#8211;header-height)+min(200px,max(70px,20svh)))]&#8221; dir=&#8221;auto&#8221; tabindex=&#8221;-1&#8243; data-turn-id=&#8221;request-69a8d7ec-0360-832a-9f63-f789255b382b-37&#8243; data-testid=&#8221;conversation-turn-204&#8243; data-scroll-anchor=&#8221;true&#8221; data-turn=&#8221;assistant&#8221;><\/p>\n<div class=\"text-base my-auto mx-auto pb-10 [--thread-content-margin:var(--thread-content-margin-xs,calc(var(--spacing)*4))] @w-sm\/main:[--thread-content-margin:var(--thread-content-margin-sm,calc(var(--spacing)*6))] @w-lg\/main:[--thread-content-margin:var(--thread-content-margin-lg,calc(var(--spacing)*16))] px-(--thread-content-margin)\">\n<div class=\"[--thread-content-max-width:40rem] @w-lg\/main:[--thread-content-max-width:48rem] mx-auto max-w-(--thread-content-max-width) flex-1 group\/turn-messages focus-visible:outline-hidden relative flex w-full min-w-0 flex-col agent-turn\" tabindex=\"-1\">\n<div class=\"flex max-w-full flex-col gap-4 grow\">\n<div class=\"min-h-8 text-message relative flex w-full flex-col items-end gap-2 text-start break-words whitespace-normal [.text-message+&amp;]:mt-1\" dir=\"auto\" data-message-author-role=\"assistant\" data-message-id=\"db22c0c5-ef2e-4df4-88b6-33a4cb959412\" data-message-model-slug=\"gpt-5-mini\">\n<div class=\"flex w-full flex-col gap-1 empty:hidden\" readability=\"10.5\">\n<div class=\"markdown prose dark:prose-invert w-full wrap-break-word light markdown-new-styling\" readability=\"16\">\n<p data-start=\"594\" data-end=\"879\" id=\"p-2\">Strategiile care \u201evizeaz\u0103 crearea de rivalitate etnic\u0103 sau a unui conflict etnic \u00een Iran ar fi ceva ce ne opunem, deoarece ar fi cel mai periculos scenariu\u201d, a spus Fidan.<\/p>\n<p data-start=\"594\" data-end=\"879\" id=\"p-3\">El a mai declarat c\u0103 Turcia a purtat discu\u021bii cu liderii kurzi pentru a \u00eempiedica o astfel de \u201egre\u0219eal\u0103 istoric\u0103\u201d.<\/p>\n<p data-start=\"881\" data-end=\"1027\" data-is-last-node data-is-only-node id=\"p-4\">Ministrul a mai precizat c\u0103 Turcia a fost implicat\u0103 \u00eentr-un \u201etrafic diplomatic intens\u201d pentru a produce o \u201eformul\u0103 pentru a pune cap\u0103t acestui r\u0103zboi\u201d.<\/p>\n<\/div>\n<\/div>\n<\/div>\n<\/div>\n<\/div>\n<\/div>\n<\/article>\n<\/div>\n","protected":false},"excerpt":{"rendered":"<p>Ministrul turc de externe, Hakan Fidan, a anun\u021bat c\u0103 a purtat o convorbire cu secretarul de stat american Marco Rubio, care a spus c\u0103 un plan prin care for\u021bele kurde &hellip; <a href=\"https:\/\/microscopemedia.com\/?p=680621\" class=\"more-link\">Read More<\/a><\/p>\n","protected":false},"author":1,"featured_media":680622,"comment_status":"closed","ping_status":"closed","sticky":false,"template":"Default","format":"standard","meta":[],"categories":[1],"tags":[],"_links":{"self":[{"href":"https:\/\/microscopemedia.com\/index.php?rest_route=\/wp\/v2\/posts\/680621"}],"collection":[{"href":"https:\/\/microscopemedia.com\/index.php?rest_route=\/wp\/v2\/posts"}],"about":[{"href":"https:\/\/microscopemedia.com\/index.php?rest_route=\/wp\/v2\/types\/post"}],"author":[{"embeddable":true,"href":"https:\/\/microscopemedia.com\/index.php?rest_route=\/wp\/v2\/users\/1"}],"replies":[{"embeddable":true,"href":"https:\/\/microscopemedia.com\/index.php?rest_route=%2Fwp%2Fv2%2Fcomments&post=680621"}],"version-history":[{"count":0,"href":"https:\/\/microscopemedia.com\/index.php?rest_route=\/wp\/v2\/posts\/680621\/revisions"}],"wp:featuredmedia":[{"embeddable":true,"href":"https:\/\/microscopemedia.com\/index.php?rest_route=\/wp\/v2\/media\/680622"}],"wp:attachment":[{"href":"https:\/\/microscopemedia.com\/index.php?rest_route=%2Fwp%2Fv2%2Fmedia&parent=680621"}],"wp:term":[{"taxonomy":"category","embeddable":true,"href":"https:\/\/microscopemedia.com\/index.php?rest_route=%2Fwp%2Fv2%2Fcategories&post=680621"},{"taxonomy":"post_tag","embeddable":true,"href":"https:\/\/microscopemedia.com\/index.php?rest_route=%2Fwp%2Fv2%2Ftags&post=680621"}],"curies":[{"name":"wp","href":"https:\/\/api.w.org\/{rel}","templated":true}]}}