{"id":680633,"date":"2026-03-08T02:26:03","date_gmt":"2026-03-08T02:26:03","guid":{"rendered":"https:\/\/microscopemedia.com\/?p=680633"},"modified":"2026-03-08T02:26:03","modified_gmt":"2026-03-08T02:26:03","slug":"presedintele-cubanez-considera-summitul-convocat-de-trump-drept-neocolonial","status":"publish","type":"post","link":"https:\/\/microscopemedia.com\/?p=680633","title":{"rendered":"Pre\u0219edintele cubanez consider\u0103 summitul convocat de Trump drept \u201eneocolonial\u201d"},"content":{"rendered":"<div><img decoding=\"async\" src=\"https:\/\/microscopemedia.com\/wp-content\/uploads\/2026\/03\/presedintele-cubanez-considera-summitul-convocat-de-trump-drept-neocolonial.jpg\" class=\"ff-og-image-inserted\"><\/div>\n<p id=\"p-0\">Pre\u0219edintele cubanez Miguel Diaz-Canel a calificat drept \u201e neocolonial\u201d summitul convocat s\u00e2mb\u0103t\u0103 \u00een Florida de omologul s\u0103u american Donald Trump, care a afirmat cu aceast\u0103 ocazie c\u0103&nbsp; insula comunist\u0103 \u201e\u00ee\u0219i tr\u0103ie\u0219te ultimele ore\u201d \u0219i c\u0103 va \u201eavea grij\u0103 de ea\u201d.<\/p>\n<p id=\"p-1\">\u201eMicul summit reac\u021bionar \u0219i neocolonial din Florida, convocat de Statele Unite cu participarea guvernelor de dreapta (din America Latin\u0103, nota editorului), le angajeaz\u0103 s\u0103 accepte utilizarea letal\u0103 a for\u021bei militare americane pentru rezolvarea problemelor interne, precum \u0219i pentru asigurarea ordinii \u0219i lini\u0219tii \u00een \u021b\u0103rile lor\u201d, a scris el pe X.<\/p>\n<p id=\"p-2\">Summitul, supranumit \u201eScutul Americilor\u201d, a reunit la Miami doisprezece lideri apropia\u021bi de Washington pentru a discuta despre lupta \u00eempotriva cartelurilor de pe continent. Donald Trump a afirmat c\u0103 Cuba, supus\u0103 unei blocade petroliere de facto din partea Statelor Unite, \u201etr\u0103ie\u0219te ultimele sale clipe\u201d.<\/p>\n<h2 id=\"chapter-0\">Gvernul cubanez \u00een negocieri cu SUA<\/h2>\n<p id=\"p-3\">De asemenea, el a reiterat c\u0103 guvernul comunist al insulei se afla \u00een \u201enegocieri\u201d cu secretarul de stat american Marco Rubio \u0219i cu el \u00eensu\u0219i, f\u0103r\u0103 a oferi detalii suplimentare, potrivit <a href=\"https:\/\/www.lefigaro.fr\/international\/le-president-cubain-juge-le-sommet-convoque-par-trump-neocolonial-20260308\" target=\"_blank\" rel=\"noopener\">Le Figaro<\/a>. Havana a negat \u00een repetate r\u00e2nduri aceste informa\u021bii. Summitul \u201eeste un atac la adresa Proclama\u021biei Americii Latine \u0219i Caraibelor ca Zon\u0103 de Pace\u201d, un document semnat la Havana \u00een 2014, \u201eun atac la adresa aspira\u021biilor de integrare regional\u0103 \u0219i o demonstra\u021bie a disponibilit\u0103\u021bii de a se subordona intereselor puternicului s\u0103u vecin nordic, \u00een conformitate cu preceptele Doctrinei Monroe\u201d, a ad\u0103ugat Diaz-Canel.<\/p>\n<h2 id=\"chapter-1\">Rela\u021bii \u00eencordate<\/h2>\n<p id=\"p-4\">Rela\u021biile dintre cele dou\u0103 \u021b\u0103ri s-au \u00eencordat dup\u0103 atacul american asupra Venezuelei din 3 ianuarie \u0219i dup\u0103 amenin\u021b\u0103rile repetate din partea lui Trump, care a \u00eendemnat guvernul cubanez s\u0103 \u201e\u00eencheie o \u00een\u021belegere\u201d \u00eenainte de a fi prea t\u00e2rziu.<\/p>\n<p id=\"p-5\">Donald Trump nu \u00ee\u0219i ascunde dorin\u021ba de a vedea o schimbare de regim \u00een Cuba \u0219i aplic\u0103 o politic\u0103 de presiune maxim\u0103, invoc\u00e2nd \u201eamenin\u021barea excep\u021bional\u0103\u201d pe care insula, situat\u0103 la doar 150 de kilometri de coasta Floridei, o reprezint\u0103 pentru securitatea na\u021bional\u0103 a SUA din cauza rela\u021biilor sale cu Rusia, China \u0219i Iranul.<\/p>\n","protected":false},"excerpt":{"rendered":"<p>Pre\u0219edintele cubanez Miguel Diaz-Canel a calificat drept \u201e neocolonial\u201d summitul convocat s\u00e2mb\u0103t\u0103 \u00een Florida de omologul s\u0103u american Donald Trump, care a afirmat cu aceast\u0103 ocazie c\u0103&nbsp; insula comunist\u0103 \u201e\u00ee\u0219i &hellip; <a href=\"https:\/\/microscopemedia.com\/?p=680633\" class=\"more-link\">Read More<\/a><\/p>\n","protected":false},"author":1,"featured_media":680634,"comment_status":"closed","ping_status":"closed","sticky":false,"template":"Default","format":"standard","meta":[],"categories":[1],"tags":[],"_links":{"self":[{"href":"https:\/\/microscopemedia.com\/index.php?rest_route=\/wp\/v2\/posts\/680633"}],"collection":[{"href":"https:\/\/microscopemedia.com\/index.php?rest_route=\/wp\/v2\/posts"}],"about":[{"href":"https:\/\/microscopemedia.com\/index.php?rest_route=\/wp\/v2\/types\/post"}],"author":[{"embeddable":true,"href":"https:\/\/microscopemedia.com\/index.php?rest_route=\/wp\/v2\/users\/1"}],"replies":[{"embeddable":true,"href":"https:\/\/microscopemedia.com\/index.php?rest_route=%2Fwp%2Fv2%2Fcomments&post=680633"}],"version-history":[{"count":0,"href":"https:\/\/microscopemedia.com\/index.php?rest_route=\/wp\/v2\/posts\/680633\/revisions"}],"wp:featuredmedia":[{"embeddable":true,"href":"https:\/\/microscopemedia.com\/index.php?rest_route=\/wp\/v2\/media\/680634"}],"wp:attachment":[{"href":"https:\/\/microscopemedia.com\/index.php?rest_route=%2Fwp%2Fv2%2Fmedia&parent=680633"}],"wp:term":[{"taxonomy":"category","embeddable":true,"href":"https:\/\/microscopemedia.com\/index.php?rest_route=%2Fwp%2Fv2%2Fcategories&post=680633"},{"taxonomy":"post_tag","embeddable":true,"href":"https:\/\/microscopemedia.com\/index.php?rest_route=%2Fwp%2Fv2%2Ftags&post=680633"}],"curies":[{"name":"wp","href":"https:\/\/api.w.org\/{rel}","templated":true}]}}