{"id":680639,"date":"2026-03-08T03:26:03","date_gmt":"2026-03-08T03:26:03","guid":{"rendered":"https:\/\/microscopemedia.com\/?p=680639"},"modified":"2026-03-08T03:26:03","modified_gmt":"2026-03-08T03:26:03","slug":"regele-charles-indeamna-tarile-sa-fie-unite-intr-o-perioada-de-mari-provocari","status":"publish","type":"post","link":"https:\/\/microscopemedia.com\/?p=680639","title":{"rendered":"Regele Charles \u00eendeamn\u0103 \u021b\u0103rile s\u0103 fie unite \u00eentr-o perioad\u0103 de mari provoc\u0103ri"},"content":{"rendered":"<div><img decoding=\"async\" src=\"https:\/\/microscopemedia.com\/wp-content\/uploads\/2026\/03\/regele-charles-indeamna-tarile-sa-fie-unite-intr-o-perioada-de-mari-provocari.jpg\" class=\"ff-og-image-inserted\"><\/div>\n<p id=\"p-0\">Regele Charles \u00ee\u0219i va folosi mesajul anual de Ziua Commonwealth-ului pentru a-i \u00eendemna pe membri s\u0103 lucreze \u00eempreun\u0103 \u0219i s\u0103 \u201efie o for\u021b\u0103 a binelui\u201d \u00eentr-o \u201eperioad\u0103 de mari provoc\u0103ri\u201d \u00een \u00eentreaga lume, potrivit <a href=\"https:\/\/www.express.co.uk\/news\/royal\/2179413\/king-charles-commonwealth-day-message-preview\" target=\"_blank\" rel=\"noopener\">Express<\/a>.<\/p>\n<p id=\"p-1\">\u00centr-un mesaj scris pentru slujba anual\u0103 de <a href=\"https:\/\/www.mediafax.ro\/externe\/ziua-cea-mare-pentru-monarhia-britanica-regele-charles-al-iii-lea-va-fi-incoronat-intr-o-ceremonie-ce-are-o-istorie-de-peste-1000-de-ani-21852197\" target=\"_blank\" rel=\"noopener\">Ziua Commonwealth-ului<\/a> de la Westminster Abbey, luni, suveranul britanic va face apel la \u201espiritul durabil al Commonwealth-ului\u201d \u00een timpul \u201emomentelor de \u00eencercare\u201d, \u00een timp ce conflictele continu\u0103 s\u0103 fac\u0103 ravagii \u00een \u00eentreaga lume.<\/p>\n<p id=\"p-2\">Celebrarea anual\u0103 a Commonwealth-ului Na\u021biunilor va fi marcat\u0103 de o slujb\u0103 special\u0103 la care vor participa membri seniori ai Familiei Regale, politicieni \u0219i diploma\u021bi de renume, \u00een cadrul unei congrega\u021bii de 1.800 de persoane.<\/p>\n<p id=\"p-3\">Geri Halliwell-Horner, artist\u0103 renumit\u0103 \u0219i ambasador al Societ\u0103\u021bii Regale a Commonwealth-ului, care organizeaz\u0103 evenimentul, va \u021bine un discurs, iar fosta jurat\u0103 a emisiunii Strictly Come Dancing, Oti Mabuse, va oferi o reflec\u021bie, precum \u0219i o poezie a Selinei Tusitala Marsh, prima poet\u0103 laureat\u0103 a Commonwealth-ului.<\/p>\n<h2 id=\"chapter-0\">Regele Charles: un moment de mare provocare \u0219i mare posibilitate<\/h2>\n<p id=\"p-4\">\u00centr-un extras din mesajul s\u0103u, care va fi publicat integral duminic\u0103, Regele spune: \u201eNe unim \u00een aceast\u0103 zi a Commonwealth-ului, \u00eentr-un moment de mare provocare \u0219i mare posibilitate.\u201d<\/p>\n<p id=\"p-5\">\u201e\u00cen \u00eentreaga lume, comunit\u0103\u021bile \u0219i na\u021biunile se confrunt\u0103 cu presiunile tot mai mari ale conflictelor, schimb\u0103rilor climatice \u0219i transform\u0103rilor rapide. Cu toate acestea, adesea, \u00een astfel de momente dificile, spiritul durabil al Commonwealth-ului este cel mai clar dezv\u0103luit.\u201d<\/p>\n<p id=\"p-6\">Acest lucru se \u00eent\u00e2mpl\u0103 la mai pu\u021bin de dou\u0103 s\u0103pt\u0103m\u00e2ni dup\u0103 ce tensiunile din Orientul Mijlociu au escaladat \u00eentr-un conflict armat, cu atacuri cu rachete \u0219i drone care continu\u0103 \u00een Iran \u0219i \u00een Golf.<\/p>\n<p id=\"p-7\">Regele \u00ee\u0219i va rezuma reflec\u021biile \u00eendemn\u00e2nd na\u021biunile membre s\u0103 se uneasc\u0103 \u201e\u00een slujba poporului lor\u201d.<\/p>\n<p id=\"p-8\">\u201eLucr\u00e2nd \u00eempreun\u0103, putem asigura c\u0103 Commonwealth-ul continu\u0103 s\u0103 fie o for\u021b\u0103 a binelui \u2013 ancorat\u0103 \u00een comunitate, dedicat\u0103 tipului de sustenabilitate restaurativ\u0103 care are un randament al investi\u021biei, \u00eembog\u0103\u021bit\u0103 de cultur\u0103, statornic\u0103 \u00een grija sa pentru planeta noastr\u0103 \u0219i unit\u0103 \u00een prietenie \u0219i \u00een slujba poporului s\u0103u.\u201d \u00cen calitate de \u0219ef al Commonwealth-ului, Charles transmite un mesaj anual c\u0103tre cele 56 de na\u021biuni membre, care \u00ee\u0219i vor \u021bine reuniunea bienal\u0103 anul acesta \u00een prima s\u0103pt\u0103m\u00e2n\u0103 a lunii noiembrie \u00een capitala Antigua \u0219i Barbuda.<\/p>\n","protected":false},"excerpt":{"rendered":"<p>Regele Charles \u00ee\u0219i va folosi mesajul anual de Ziua Commonwealth-ului pentru a-i \u00eendemna pe membri s\u0103 lucreze \u00eempreun\u0103 \u0219i s\u0103 \u201efie o for\u021b\u0103 a binelui\u201d \u00eentr-o \u201eperioad\u0103 de mari provoc\u0103ri\u201d &hellip; <a href=\"https:\/\/microscopemedia.com\/?p=680639\" class=\"more-link\">Read More<\/a><\/p>\n","protected":false},"author":1,"featured_media":680640,"comment_status":"closed","ping_status":"closed","sticky":false,"template":"Default","format":"standard","meta":[],"categories":[1],"tags":[],"_links":{"self":[{"href":"https:\/\/microscopemedia.com\/index.php?rest_route=\/wp\/v2\/posts\/680639"}],"collection":[{"href":"https:\/\/microscopemedia.com\/index.php?rest_route=\/wp\/v2\/posts"}],"about":[{"href":"https:\/\/microscopemedia.com\/index.php?rest_route=\/wp\/v2\/types\/post"}],"author":[{"embeddable":true,"href":"https:\/\/microscopemedia.com\/index.php?rest_route=\/wp\/v2\/users\/1"}],"replies":[{"embeddable":true,"href":"https:\/\/microscopemedia.com\/index.php?rest_route=%2Fwp%2Fv2%2Fcomments&post=680639"}],"version-history":[{"count":0,"href":"https:\/\/microscopemedia.com\/index.php?rest_route=\/wp\/v2\/posts\/680639\/revisions"}],"wp:featuredmedia":[{"embeddable":true,"href":"https:\/\/microscopemedia.com\/index.php?rest_route=\/wp\/v2\/media\/680640"}],"wp:attachment":[{"href":"https:\/\/microscopemedia.com\/index.php?rest_route=%2Fwp%2Fv2%2Fmedia&parent=680639"}],"wp:term":[{"taxonomy":"category","embeddable":true,"href":"https:\/\/microscopemedia.com\/index.php?rest_route=%2Fwp%2Fv2%2Fcategories&post=680639"},{"taxonomy":"post_tag","embeddable":true,"href":"https:\/\/microscopemedia.com\/index.php?rest_route=%2Fwp%2Fv2%2Ftags&post=680639"}],"curies":[{"name":"wp","href":"https:\/\/api.w.org\/{rel}","templated":true}]}}