{"id":680649,"date":"2026-03-08T05:36:04","date_gmt":"2026-03-08T05:36:04","guid":{"rendered":"https:\/\/microscopemedia.com\/?p=680649"},"modified":"2026-03-08T05:36:04","modified_gmt":"2026-03-08T05:36:04","slug":"ziua-de-9-martie-declarata-doliu-in-harkov-dupa-atacul-cu-rachete-asupra-unui-bloc-de-locuinte","status":"publish","type":"post","link":"https:\/\/microscopemedia.com\/?p=680649","title":{"rendered":"Ziua de 9 martie, declarat\u0103 doliu \u00een Harkov dup\u0103 atacul cu rachete asupra unui bloc de locuin\u021be"},"content":{"rendered":"<div><img decoding=\"async\" src=\"https:\/\/microscopemedia.com\/wp-content\/uploads\/2026\/03\/ziua-de-9-martie-declarata-doliu-in-harkov-dupa-atacul-cu-rachete-asupra-unui-bloc-de-locuinte.jpg\" class=\"ff-og-image-inserted\"><\/div>\n<p data-start=\"88\" data-end=\"455\" id=\"p-0\">Autorit\u0103\u021bile din <span class=\"hover:entity-accent entity-underline inline cursor-pointer align-baseline\"><span class=\"whitespace-normal\">Harkov<\/span><\/span> au anun\u021bat declararea unei zile de doliu \u00een memoria persoanelor care \u0219i-au pierdut via\u021ba dup\u0103 un atac cu rachete asupra unei cl\u0103diri reziden\u021biale, scrie <a href=\"https:\/\/www.ukrinform.net\/rubric-ato\/4099033-march-9-declared-day-of-mourning-in-kharkiv-for-missile-strike-victims.html\">Ukrinform<\/a>.<\/p>\n<p data-start=\"88\" data-end=\"455\" id=\"p-1\">Anun\u021bul a fost f\u0103cut s\u00e2mb\u0103t\u0103 noapte de primarul ora\u0219ului, <span class=\"hover:entity-accent entity-underline inline cursor-pointer align-baseline\"><span class=\"whitespace-normal\">Ihor Terekhov<\/span><\/span>, \u00eentr-un mesaj publicat pe Telegram.<\/p>\n<p data-start=\"457\" data-end=\"766\" id=\"p-2\">Potrivit edilului, ziua de doliu va intra \u00een vigoare dup\u0103 \u00eencheierea interven\u021biilor echipelor de salvare, care continu\u0103 la locul tragediei. Autorit\u0103\u021bile estimeaz\u0103 c\u0103 opera\u021biunile de c\u0103utare \u0219i recuperare vor dura aproximativ dou\u0103 zile.<\/p>\n<p data-start=\"457\" data-end=\"766\" id=\"p-3\">Motivul principal este timpul necesar alocat pentru a verifica fiecare zon\u0103 a cl\u0103dirii distruse.<\/p>\n<p data-start=\"768\" data-end=\"932\" id=\"p-4\">\u201eO zi de doliu va fi declarat\u0103 \u00een Harkov imediat dup\u0103 finalizarea opera\u021biunilor de salvare \u0219i c\u0103utare la locul atacului, care vor dura dou\u0103 zile\u201d, a scris Ihor Terekhov.<\/p>\n<p data-start=\"934\" data-end=\"1085\" id=\"p-5\">Acesta a precizat c\u0103 data stabilit\u0103 pentru ziua de doliu este <strong>luni, 9 martie<\/strong>. \u00cen acea zi, comunitatea local\u0103 va aduce un omagiu victimelor tragediei.<\/p>\n<p data-start=\"1087\" data-end=\"1325\" id=\"p-6\">Conform informa\u021biilor furnizate de Ukrinform, o cl\u0103dire reziden\u021bial\u0103 cu cinci etaje din districtul Kyivskyi al ora\u0219ului Harkov a suferit distrugeri majore \u00een urma atacului. Imobilul a fost aproape complet distrus dup\u0103 impactul rachetelor.<\/p>\n<p data-start=\"1327\" data-end=\"1526\" id=\"p-7\">Autorit\u0103\u021bile au confirmat c\u0103 zece persoane au suferit r\u0103ni. Printre acestea se afl\u0103 \u0219i trei minori, doi b\u0103ie\u021bi cu v\u00e2rste de 6 \u0219i 11 ani, precum \u0219i o fat\u0103 de 17 ani, care au primit \u00eengrijiri medicale.<\/p>\n<p data-start=\"1528\" data-end=\"1711\" id=\"p-8\">\u00cen acela\u0219i timp, bilan\u021bul victimelor indic\u0103 \u0219apte persoane decedate, aflate sub d\u0103r\u00e2m\u0103turile cl\u0103dirii \u00een momentul exploziei. Printre cei care \u0219i-au pierdut via\u021ba se afl\u0103 \u0219i doi copii.<\/p>\n<p data-start=\"1713\" data-end=\"2014\" data-is-last-node data-is-only-node id=\"p-9\">Echipele de interven\u021bie continu\u0103 verific\u0103rile \u00een zona afectat\u0103, din cauza temerilor c\u0103 ar putea exista \u0219i alte persoane prinse sub ruinele imobilului.<\/p>\n<p data-start=\"1713\" data-end=\"2014\" data-is-last-node data-is-only-node id=\"p-10\">Tragedia a provocat un puternic val de emo\u021bie \u00een ora\u0219, motiv pentru care autorit\u0103\u021bile locale au decis ca ziua de 9 martie s\u0103 fie dedicat\u0103 comemor\u0103rii victimelor.<\/p>\n","protected":false},"excerpt":{"rendered":"<p>Autorit\u0103\u021bile din Harkov au anun\u021bat declararea unei zile de doliu \u00een memoria persoanelor care \u0219i-au pierdut via\u021ba dup\u0103 un atac cu rachete asupra unei cl\u0103diri reziden\u021biale, scrie Ukrinform. Anun\u021bul a &hellip; <a href=\"https:\/\/microscopemedia.com\/?p=680649\" class=\"more-link\">Read More<\/a><\/p>\n","protected":false},"author":1,"featured_media":680650,"comment_status":"closed","ping_status":"closed","sticky":false,"template":"Default","format":"standard","meta":[],"categories":[1],"tags":[],"_links":{"self":[{"href":"https:\/\/microscopemedia.com\/index.php?rest_route=\/wp\/v2\/posts\/680649"}],"collection":[{"href":"https:\/\/microscopemedia.com\/index.php?rest_route=\/wp\/v2\/posts"}],"about":[{"href":"https:\/\/microscopemedia.com\/index.php?rest_route=\/wp\/v2\/types\/post"}],"author":[{"embeddable":true,"href":"https:\/\/microscopemedia.com\/index.php?rest_route=\/wp\/v2\/users\/1"}],"replies":[{"embeddable":true,"href":"https:\/\/microscopemedia.com\/index.php?rest_route=%2Fwp%2Fv2%2Fcomments&post=680649"}],"version-history":[{"count":0,"href":"https:\/\/microscopemedia.com\/index.php?rest_route=\/wp\/v2\/posts\/680649\/revisions"}],"wp:featuredmedia":[{"embeddable":true,"href":"https:\/\/microscopemedia.com\/index.php?rest_route=\/wp\/v2\/media\/680650"}],"wp:attachment":[{"href":"https:\/\/microscopemedia.com\/index.php?rest_route=%2Fwp%2Fv2%2Fmedia&parent=680649"}],"wp:term":[{"taxonomy":"category","embeddable":true,"href":"https:\/\/microscopemedia.com\/index.php?rest_route=%2Fwp%2Fv2%2Fcategories&post=680649"},{"taxonomy":"post_tag","embeddable":true,"href":"https:\/\/microscopemedia.com\/index.php?rest_route=%2Fwp%2Fv2%2Ftags&post=680649"}],"curies":[{"name":"wp","href":"https:\/\/api.w.org\/{rel}","templated":true}]}}