{"id":680653,"date":"2026-03-08T06:06:03","date_gmt":"2026-03-08T06:06:03","guid":{"rendered":"https:\/\/microscopemedia.com\/?p=680653"},"modified":"2026-03-08T06:06:03","modified_gmt":"2026-03-08T06:06:03","slug":"donald-trump-dezvaluie-cine-crede-ca-a-fost-responsabil-pentru-atacul-asupra-scolii-de-fete-din-iran","status":"publish","type":"post","link":"https:\/\/microscopemedia.com\/?p=680653","title":{"rendered":"Donald Trump dezv\u0103luie cine crede c\u0103 a fost responsabil pentru atacul asupra \u0219colii de fete din Iran"},"content":{"rendered":"<div><img decoding=\"async\" src=\"https:\/\/microscopemedia.com\/wp-content\/uploads\/2026\/03\/donald-trump-dezvaluie-cine-crede-ca-a-fost-responsabil-pentru-atacul-asupra-scolii-de-fete-din-iran.jpg\" class=\"ff-og-image-inserted\"><\/div>\n<p data-start=\"86\" data-end=\"522\" id=\"p-0\">Pre\u0219edintele <span class=\"hover:entity-accent entity-underline inline cursor-pointer align-baseline\"><span class=\"whitespace-normal\">Statele Unite<\/span><\/span>, <span class=\"hover:entity-accent entity-underline inline cursor-pointer align-baseline\"><span class=\"whitespace-normal\">Donald Trump<\/span><\/span>, a vorbit s\u00e2mb\u0103t\u0103 despre explozia produs\u0103 la o <a href=\"https:\/\/www.mediafax.ro\/externe\/reuters-o-ancheta-americana-indica-o-posibila-responsabilitate-a-sua-in-atacul-asupra-unei-scoli-de-fete-din-iran-23698241\">\u0219coal\u0103 de fete din sudul <span class=\"hover:entity-accent entity-underline inline cursor-pointer align-baseline\"><span class=\"whitespace-normal\">Iranului<\/span><\/span><\/a>, care a provocat moartea a zeci de copii chiar \u00een prima zi a r\u0103zboiului.<\/p>\n<p data-start=\"86\" data-end=\"522\" id=\"p-1\">Declara\u021biile au venit dup\u0103 \u00eentreb\u0103rile adresate de jurnali\u0219ti \u00een timpul unui zbor la bordul aeronavei preziden\u021biale <span class=\"hover:entity-accent entity-underline inline cursor-pointer align-baseline\"><span class=\"whitespace-normal\">Air Force One, relateaz\u0103 <a href=\"https:\/\/news.sky.com\/story\/iran-latest-trump-tehran-israel-strikes-us-drone-live-sky-news-13509565\">Sky News<\/a>.<\/span><\/span><\/p>\n<p data-start=\"524\" data-end=\"870\" id=\"p-2\">Atacul a avut loc \u00een ora\u0219ul <span class=\"hover:entity-accent entity-underline inline cursor-pointer align-baseline\"><span class=\"whitespace-normal\">Minab<\/span><\/span>, unde o explozie puternic\u0103 a lovit \u0219coala elementar\u0103 <span class=\"hover:entity-accent entity-underline inline cursor-pointer align-baseline\"><span class=\"whitespace-normal\">Shajareh Tayyebeh Elementary School<\/span><\/span> \u00een timpul orelor de curs. Presa de stat iranian\u0103 a relatat c\u0103 peste 165 de persoane \u0219i-au pierdut via\u021ba \u00een urma incidentului, majoritatea fiind copii afla\u021bi la \u0219coal\u0103 \u00een momentul exploziei.<\/p>\n<p data-start=\"872\" data-end=\"1109\" id=\"p-3\">\u00centrebat dac\u0103 Statele Unite ar putea avea vreo responsabilitate pentru acest atac, Donald Trump a negat \u0219i a indicat Iranul drept posibil autor: \u201eNu, \u00een opinia mea \u0219i pe baza a ceea ce am v\u0103zut, acest lucru a fost f\u0103cut de Iran.\u201d<\/p>\n<p data-start=\"1111\" data-end=\"1415\" id=\"p-4\">Reporterii au cerut un punct de vedere \u0219i de la secretarul ap\u0103r\u0103rii al SUA, <span class=\"hover:entity-accent entity-underline inline cursor-pointer align-baseline\"><span class=\"whitespace-normal\">Pete Hegseth<\/span><\/span>. Acesta a precizat c\u0103 ancheta se afl\u0103 \u00eenc\u0103 \u00een desf\u0103\u0219urare \u0219i c\u0103 autorit\u0103\u021bile analizeaz\u0103 toate informa\u021biile disponibile.<\/p>\n<p data-start=\"1111\" data-end=\"1415\" id=\"p-5\">\u201e\u00cenc\u0103 investig\u0103m, dar singura parte care vizeaz\u0103 civilii este Iranul.\u201d, a declarat Hegseth.<\/p>\n<p data-start=\"1417\" data-end=\"1671\" id=\"p-6\">Pre\u0219edintele SUA a revenit apoi la ceea ce declarase, legat de atacul care ar fi fost provocat de for\u021bele iraniene. \u201eCredem c\u0103 a fost f\u0103cut de Iran. Pentru c\u0103 sunt foarte inexac\u021bi, dup\u0103 cum \u0219ti\u021bi, cu muni\u021biile lor. Nu au nicio precizie. A fost f\u0103cut de Iran.\u201d, a spus Trump.<\/p>\n<p id=\"p-7\">Incidentul a st\u00e2rnit reac\u021bii puternice pe plan interna\u021bional, mai ales din cauza num\u0103rului mare de victime \u0219i a faptului c\u0103 explozia a avut loc \u00eentr-o unitate de \u00eenv\u0103\u021b\u0103m\u00e2nt plin\u0103 de copii.<\/p>\n","protected":false},"excerpt":{"rendered":"<p>Pre\u0219edintele Statele Unite, Donald Trump, a vorbit s\u00e2mb\u0103t\u0103 despre explozia produs\u0103 la o \u0219coal\u0103 de fete din sudul Iranului, care a provocat moartea a zeci de copii chiar \u00een prima &hellip; <a href=\"https:\/\/microscopemedia.com\/?p=680653\" class=\"more-link\">Read More<\/a><\/p>\n","protected":false},"author":1,"featured_media":680654,"comment_status":"closed","ping_status":"closed","sticky":false,"template":"Default","format":"standard","meta":[],"categories":[1],"tags":[],"_links":{"self":[{"href":"https:\/\/microscopemedia.com\/index.php?rest_route=\/wp\/v2\/posts\/680653"}],"collection":[{"href":"https:\/\/microscopemedia.com\/index.php?rest_route=\/wp\/v2\/posts"}],"about":[{"href":"https:\/\/microscopemedia.com\/index.php?rest_route=\/wp\/v2\/types\/post"}],"author":[{"embeddable":true,"href":"https:\/\/microscopemedia.com\/index.php?rest_route=\/wp\/v2\/users\/1"}],"replies":[{"embeddable":true,"href":"https:\/\/microscopemedia.com\/index.php?rest_route=%2Fwp%2Fv2%2Fcomments&post=680653"}],"version-history":[{"count":0,"href":"https:\/\/microscopemedia.com\/index.php?rest_route=\/wp\/v2\/posts\/680653\/revisions"}],"wp:featuredmedia":[{"embeddable":true,"href":"https:\/\/microscopemedia.com\/index.php?rest_route=\/wp\/v2\/media\/680654"}],"wp:attachment":[{"href":"https:\/\/microscopemedia.com\/index.php?rest_route=%2Fwp%2Fv2%2Fmedia&parent=680653"}],"wp:term":[{"taxonomy":"category","embeddable":true,"href":"https:\/\/microscopemedia.com\/index.php?rest_route=%2Fwp%2Fv2%2Fcategories&post=680653"},{"taxonomy":"post_tag","embeddable":true,"href":"https:\/\/microscopemedia.com\/index.php?rest_route=%2Fwp%2Fv2%2Ftags&post=680653"}],"curies":[{"name":"wp","href":"https:\/\/api.w.org\/{rel}","templated":true}]}}