{"id":680657,"date":"2026-03-08T06:46:03","date_gmt":"2026-03-08T06:46:03","guid":{"rendered":"https:\/\/microscopemedia.com\/?p=680657"},"modified":"2026-03-08T06:46:03","modified_gmt":"2026-03-08T06:46:03","slug":"gardienii-revolutiei-iraniene-spun-ca-pot-rezista-cel-putin-sase-luni-intr-un-razboi-intens","status":"publish","type":"post","link":"https:\/\/microscopemedia.com\/?p=680657","title":{"rendered":"Gardienii Revolu\u021biei Iraniene spun c\u0103 pot rezista cel \u201epu\u021bin \u0219ase luni \u00eentr-un r\u0103zboi intens\u201d"},"content":{"rendered":"<div><img decoding=\"async\" src=\"https:\/\/microscopemedia.com\/wp-content\/uploads\/2026\/03\/gardienii-revolutiei-iraniene-spun-ca-pot-rezista-cel-putin-sase-luni-intr-un-razboi-intens.jpg\" class=\"ff-og-image-inserted\"><\/div>\n<p data-start=\"96\" data-end=\"535\" id=\"p-0\">Gardienii Revolu\u021biei din <span class=\"hover:entity-accent entity-underline inline cursor-pointer align-baseline\"><span class=\"whitespace-normal\">Iran<\/span><\/span> au declarat duminic\u0103 diminea\u021b\u0103 c\u0103 armata iranian\u0103 are capacitatea de a sus\u021bine un conflict militar de lung\u0103 durat\u0103 \u00eempotriva <span class=\"hover:entity-accent entity-underline inline cursor-pointer align-baseline\"><span class=\"whitespace-normal\">Statele Unite<\/span><\/span> \u0219i <span class=\"hover:entity-accent entity-underline inline cursor-pointer align-baseline\"><span class=\"whitespace-normal\">Israel<\/span><\/span>.<\/p>\n<p data-start=\"96\" data-end=\"535\" id=\"p-1\">Reprezentan\u021bii acestei structuri militare spun c\u0103 for\u021bele iraniene pot face fa\u021b\u0103 unui r\u0103zboi intens timp de cel pu\u021bin \u0219ase luni, \u00een condi\u021biile actuale ale opera\u021biunilor.<\/p>\n<p data-start=\"537\" data-end=\"772\" id=\"p-2\">Potrivit declara\u021biilor oficiale, Iranul a lansat deja numeroase atacuri asupra unor obiective considerate strategice. Gardienii Revolu\u021biei sus\u021bin c\u0103 peste 200 de \u021binte americane \u0219i israeliene din regiune au fost lovite p\u00e2n\u0103 \u00een prezent.<\/p>\n<p data-start=\"774\" data-end=\"1180\" id=\"p-3\">Purt\u0103torul de cuv\u00e2nt al organiza\u021biei, <span class=\"hover:entity-accent entity-underline inline cursor-pointer align-baseline\"><span class=\"whitespace-normal\">Ali Mohammad Naini<\/span><\/span>, a anun\u021bat c\u0103 armata iranian\u0103 dispune de resursele necesare pentru a continua conflictul pe termen lung.<\/p>\n<p data-start=\"774\" data-end=\"1180\" id=\"p-4\">\u201eFor\u0163ele armate ale Republicii Islamice Iran sunt capabile s\u0103 continue cel pu\u0163in \u015fase luni de r\u0103zboi intens, la ritmul actual al opera\u0163iunilor\u201d, a declarat Ali Mohammad Naini, citat de agen\u021bia de pres\u0103 <span class=\"hover:entity-accent entity-underline inline cursor-pointer align-baseline\"><span class=\"whitespace-normal\">Fars News Agency<\/span><\/span>.<\/p>\n<p data-start=\"1182\" data-end=\"1482\" id=\"p-5\">\u00cen acela\u0219i timp, pre\u0219edintele Statelor Unite, <span class=\"hover:entity-accent entity-underline inline cursor-pointer align-baseline\"><span class=\"whitespace-normal\">Donald Trump<\/span><\/span>, a f\u0103cut c\u00e2teva declara\u021bii despre posibilitatea trimiterii de trupe americane pe teritoriul iranian, dac\u0103 situa\u021bia ar cere o astfel de decizie. El a spus c\u0103 o interven\u021bie terestr\u0103 ar necesita un motiv \u00eentemeiat.<\/p>\n<p data-start=\"1484\" data-end=\"1907\" id=\"p-6\">\u201eNici m\u0103car nu vreau s\u0103 vorbesc despre asta acum. Nu cred c\u0103 este o \u00eentrebare potrivit\u0103; \u015fti\u0163i c\u0103 nu voi r\u0103spunde la ea. S-ar putea? Posibil, pentru un motiv foarte bun, ar trebui s\u0103 fie un motiv foarte bun. A\u015f spune c\u0103, dac\u0103 am face vreodat\u0103 asta, ei ar fi at\u00e2t de decima\u0163i \u00eenc\u00e2t nu ar mai putea lupta la nivel terestru\u201d, le-a spus Donald Trump reporterilor la bordul avionului preziden\u021bial <span class=\"hover:entity-accent entity-underline inline cursor-pointer align-baseline\"><span class=\"whitespace-normal\">Air Force One<\/span><\/span>.<\/p>\n<p data-start=\"1909\" data-end=\"2203\" data-is-last-node data-is-only-node id=\"p-7\">Conflictul din Iran, declan\u0219at dup\u0103 un atac atribuit Statelor Unite \u0219i Israelului, a intrat duminic\u0103 \u00een cea de-a noua zi. Situa\u021bia din regiune r\u0103m\u00e2ne problematic\u0103, av\u00e2nd \u00een vedere c\u0103 liderii politici \u0219i militari anun\u021b\u0103 c\u0103 niciuna dintre p\u0103r\u021bi nu pare dispus\u0103 s\u0103 fac\u0103 un pas \u00eenapoi \u00een acest moment.<\/p>\n","protected":false},"excerpt":{"rendered":"<p>Gardienii Revolu\u021biei din Iran au declarat duminic\u0103 diminea\u021b\u0103 c\u0103 armata iranian\u0103 are capacitatea de a sus\u021bine un conflict militar de lung\u0103 durat\u0103 \u00eempotriva Statele Unite \u0219i Israel. Reprezentan\u021bii acestei structuri &hellip; <a href=\"https:\/\/microscopemedia.com\/?p=680657\" class=\"more-link\">Read More<\/a><\/p>\n","protected":false},"author":1,"featured_media":680658,"comment_status":"closed","ping_status":"closed","sticky":false,"template":"Default","format":"standard","meta":[],"categories":[1],"tags":[],"_links":{"self":[{"href":"https:\/\/microscopemedia.com\/index.php?rest_route=\/wp\/v2\/posts\/680657"}],"collection":[{"href":"https:\/\/microscopemedia.com\/index.php?rest_route=\/wp\/v2\/posts"}],"about":[{"href":"https:\/\/microscopemedia.com\/index.php?rest_route=\/wp\/v2\/types\/post"}],"author":[{"embeddable":true,"href":"https:\/\/microscopemedia.com\/index.php?rest_route=\/wp\/v2\/users\/1"}],"replies":[{"embeddable":true,"href":"https:\/\/microscopemedia.com\/index.php?rest_route=%2Fwp%2Fv2%2Fcomments&post=680657"}],"version-history":[{"count":0,"href":"https:\/\/microscopemedia.com\/index.php?rest_route=\/wp\/v2\/posts\/680657\/revisions"}],"wp:featuredmedia":[{"embeddable":true,"href":"https:\/\/microscopemedia.com\/index.php?rest_route=\/wp\/v2\/media\/680658"}],"wp:attachment":[{"href":"https:\/\/microscopemedia.com\/index.php?rest_route=%2Fwp%2Fv2%2Fmedia&parent=680657"}],"wp:term":[{"taxonomy":"category","embeddable":true,"href":"https:\/\/microscopemedia.com\/index.php?rest_route=%2Fwp%2Fv2%2Fcategories&post=680657"},{"taxonomy":"post_tag","embeddable":true,"href":"https:\/\/microscopemedia.com\/index.php?rest_route=%2Fwp%2Fv2%2Ftags&post=680657"}],"curies":[{"name":"wp","href":"https:\/\/api.w.org\/{rel}","templated":true}]}}