{"id":680659,"date":"2026-03-08T06:56:03","date_gmt":"2026-03-08T06:56:03","guid":{"rendered":"https:\/\/microscopemedia.com\/?p=680659"},"modified":"2026-03-08T06:56:03","modified_gmt":"2026-03-08T06:56:03","slug":"presa-iraniana-anunta-un-consens-majoritar-pentru-alegerea-noului-lider-suprem-dupa-moartea-lui-ali-khamenei","status":"publish","type":"post","link":"https:\/\/microscopemedia.com\/?p=680659","title":{"rendered":"Presa iranian\u0103 anun\u021b\u0103 un consens majoritar pentru alegerea noului lider suprem dup\u0103 moartea lui Ali Khamenei"},"content":{"rendered":"<div><img decoding=\"async\" src=\"https:\/\/microscopemedia.com\/wp-content\/uploads\/2026\/03\/presa-iraniana-anunta-un-consens-majoritar-pentru-alegerea-noului-lider-suprem-dupa-moartea-lui-ali-khamenei.jpg\" class=\"ff-og-image-inserted\"><\/div>\n<p data-start=\"85\" data-end=\"411\" id=\"p-0\">Presa de stat din <span class=\"hover:entity-accent entity-underline inline cursor-pointer align-baseline\"><span class=\"whitespace-normal\">Iran<\/span><\/span> sus\u021bine c\u0103 membrii institu\u021biei responsabile cu alegerea liderului suprem au ajuns duminic\u0103 la un acord majoritar asupra persoanei care va ocupa aceast\u0103 func\u021bie, conform <a href=\"https:\/\/news.sky.com\/story\/iran-latest-trump-tehran-israel-strikes-us-drone-live-sky-news-13509565?postid=11225750#liveblog-body\">Sky News<\/a> \u0219i <a href=\"https:\/\/www.theguardian.com\/world\/live\/2026\/mar\/08\/middle-east-crisis-live-china-warns-world-cannot-return-to-law-of-the-jungle-trump-says-iran-being-decimated?CMP=share_btn_url&amp;page=with%3Ablock-69ad18888f080482c628d232#block-69ad18888f080482c628d232\">The Guardian<\/a>.<\/p>\n<p data-start=\"85\" data-end=\"411\" id=\"p-1\">Decizia a fost luat\u0103 dup\u0103 moartea ayatollahului <span class=\"hover:entity-accent entity-underline inline cursor-pointer align-baseline\"><span class=\"whitespace-normal\">Ali Khamenei<\/span><\/span>.<\/p>\n<p data-start=\"413\" data-end=\"748\" id=\"p-2\">Liderul suprem al Iranului a murit \u00een urma unor atacuri atribuite <span class=\"hover:entity-accent entity-underline inline cursor-pointer align-baseline\"><span class=\"whitespace-normal\">Statele Unite<\/span><\/span> \u0219i <span class=\"hover:entity-accent entity-underline inline cursor-pointer align-baseline\"><span class=\"whitespace-normal\">Israel<\/span><\/span>, lansate \u00een prima zi a conflictului militar izbucnit \u00een urm\u0103 cu aproximativ o s\u0103pt\u0103m\u00e2n\u0103. Dup\u0103 acest eveniment, autorit\u0103\u021bile iraniene au stabilit un mecanism temporar de conducere a statului.<\/p>\n<p data-start=\"750\" data-end=\"1131\" id=\"p-3\">Un consiliu format din trei persoane a preluat responsabilitatea administr\u0103rii \u021b\u0103rii p\u00e2n\u0103 la desemnarea unui nou lider suprem. Din acest grup fac parte pre\u0219edintele Iranului, <span class=\"hover:entity-accent entity-underline inline cursor-pointer align-baseline\"><span class=\"whitespace-normal\">Masoud Pezeshkian<\/span><\/span>, \u0219eful sistemului judiciar, <span class=\"hover:entity-accent entity-underline inline cursor-pointer align-baseline\"><span class=\"whitespace-normal\">Gholamhossein Mohseni Ejei<\/span><\/span>, precum \u0219i juristul \u0219i liderul organiza\u021biei paramilitare Basij, <span class=\"hover:entity-accent entity-underline inline cursor-pointer align-baseline\"><span class=\"whitespace-normal\">Alireza Arafi<\/span><\/span>.<\/p>\n<p data-start=\"1133\" data-end=\"1377\" id=\"p-4\">Conform sistemului politic iranian, liderul suprem este ales de <span class=\"hover:entity-accent entity-underline inline cursor-pointer align-baseline\"><span class=\"whitespace-normal\">Adunarea Exper\u021bilor<\/span><\/span>, o institu\u021bie format\u0103 din 88 de savan\u021bi islamici. Membrii acestui organism sunt cunoscu\u021bi pentru loialitatea fa\u021b\u0103 de regimul politic din Iran.<\/p>\n<p data-start=\"1379\" data-end=\"1658\" id=\"p-5\">Unul dintre membrii adun\u0103rii, ayatollahul <span class=\"hover:entity-accent entity-underline inline cursor-pointer align-baseline\"><span class=\"whitespace-normal\">Mohammadmehdi Mirbaqeri<\/span><\/span>, a afirmat c\u0103 <strong>exist\u0103 deja un acord<\/strong> privind alegerea viitorului lider. Potrivit presei de stat iraniene, el a declarat c\u0103 s-a ajuns la o \u00een\u021belegere \u00een mare parte, \u00eens\u0103 procesul nu este finalizat.<\/p>\n<p data-start=\"1660\" data-end=\"1919\" id=\"p-6\">El a precizat c\u0103 \u201eunele obstacole\u201d trebuie rezolvate \u00eenainte ca procedura s\u0103 fie \u00eencheiat\u0103. Presa iranian\u0103 a relatat \u0219i despre existen\u021ba unui mic dezacord \u00eentre membrii institu\u021biei. Discu\u021biile se concentreaz\u0103 asupra modului \u00een care trebuie luat\u0103 decizia final\u0103.<\/p>\n<p data-start=\"1921\" data-end=\"2289\" data-is-last-node data-is-only-node id=\"p-7\">O parte dintre membri consider\u0103 c\u0103 ar trebui organizat\u0103 o \u00eent\u00e2lnire fa\u021b\u0103 \u00een fa\u021b\u0103 pentru confirmarea oficial\u0103 a noului lider suprem. Al\u021bii sus\u021bin c\u0103 hot\u0103r\u00e2rea poate fi anun\u021bat\u0103 f\u0103r\u0103 aceast\u0103 formalitate.<\/p>\n<p data-start=\"1921\" data-end=\"2289\" data-is-last-node data-is-only-node id=\"p-8\">Dezbaterea continu\u0103 \u0219i duminic\u0103, iar autorit\u0103\u021bile iraniene nu au prezentat \u00eenc\u0103 numele persoanei care ar urma s\u0103 preia cea mai important\u0103 func\u021bie politic\u0103 \u0219i religioas\u0103 din \u021bar\u0103.<\/p>\n","protected":false},"excerpt":{"rendered":"<p>Presa de stat din Iran sus\u021bine c\u0103 membrii institu\u021biei responsabile cu alegerea liderului suprem au ajuns duminic\u0103 la un acord majoritar asupra persoanei care va ocupa aceast\u0103 func\u021bie, conform Sky &hellip; <a href=\"https:\/\/microscopemedia.com\/?p=680659\" class=\"more-link\">Read More<\/a><\/p>\n","protected":false},"author":1,"featured_media":680660,"comment_status":"closed","ping_status":"closed","sticky":false,"template":"Default","format":"standard","meta":[],"categories":[1],"tags":[],"_links":{"self":[{"href":"https:\/\/microscopemedia.com\/index.php?rest_route=\/wp\/v2\/posts\/680659"}],"collection":[{"href":"https:\/\/microscopemedia.com\/index.php?rest_route=\/wp\/v2\/posts"}],"about":[{"href":"https:\/\/microscopemedia.com\/index.php?rest_route=\/wp\/v2\/types\/post"}],"author":[{"embeddable":true,"href":"https:\/\/microscopemedia.com\/index.php?rest_route=\/wp\/v2\/users\/1"}],"replies":[{"embeddable":true,"href":"https:\/\/microscopemedia.com\/index.php?rest_route=%2Fwp%2Fv2%2Fcomments&post=680659"}],"version-history":[{"count":0,"href":"https:\/\/microscopemedia.com\/index.php?rest_route=\/wp\/v2\/posts\/680659\/revisions"}],"wp:featuredmedia":[{"embeddable":true,"href":"https:\/\/microscopemedia.com\/index.php?rest_route=\/wp\/v2\/media\/680660"}],"wp:attachment":[{"href":"https:\/\/microscopemedia.com\/index.php?rest_route=%2Fwp%2Fv2%2Fmedia&parent=680659"}],"wp:term":[{"taxonomy":"category","embeddable":true,"href":"https:\/\/microscopemedia.com\/index.php?rest_route=%2Fwp%2Fv2%2Fcategories&post=680659"},{"taxonomy":"post_tag","embeddable":true,"href":"https:\/\/microscopemedia.com\/index.php?rest_route=%2Fwp%2Fv2%2Ftags&post=680659"}],"curies":[{"name":"wp","href":"https:\/\/api.w.org\/{rel}","templated":true}]}}