{"id":680665,"date":"2026-03-08T08:26:04","date_gmt":"2026-03-08T08:26:04","guid":{"rendered":"https:\/\/microscopemedia.com\/?p=680665"},"modified":"2026-03-08T08:26:04","modified_gmt":"2026-03-08T08:26:04","slug":"vant-puternic-in-sud-vest-si-in-zonele-montane-anm-emite-atentionari-pentru-urmatoarele-zile","status":"publish","type":"post","link":"https:\/\/microscopemedia.com\/?p=680665","title":{"rendered":"V\u00e2nt puternic \u00een sud-vest \u0219i \u00een zonele montane. ANM emite aten\u021bion\u0103ri pentru urm\u0103toarele zile"},"content":{"rendered":"<div><img decoding=\"async\" src=\"https:\/\/microscopemedia.com\/wp-content\/uploads\/2026\/03\/vant-puternic-in-sud-vest-si-in-zonele-montane-anm-emite-atentionari-pentru-urmatoarele-zile.jpg\" class=\"ff-og-image-inserted\"><\/div>\n<p data-start=\"100\" data-end=\"319\" id=\"p-0\">Administra\u021bia Na\u021bional\u0103 de Meteorologie (ANM) a transmis duminic\u0103 o informare meteorologic\u0103 valabil\u0103 \u00eentre <span><strong>8 martie<\/strong><\/span>, ora 20:00, \u0219i <strong><span>10 martie<\/span><\/strong>, ora 22:00, referitoare la intensific\u0103ri ale v\u00e2ntului \u00een mai multe regiuni ale \u021b\u0103rii.<\/p>\n<p data-start=\"321\" data-end=\"617\" id=\"p-1\">Potrivit meteorologilor, v\u00e2ntul va sufla cu intensific\u0103ri temporare \u00een sud-vestul Rom\u00e2niei \u0219i \u00een zona Carpa\u021bilor Meridionali. Mar\u021bi, 10 martie, intensific\u0103rile se vor resim\u021bi \u0219i \u00een Moldova. Vitezele vor fi, \u00een general, de 40\u202650 km\/h, iar \u00een zonele montane \u00eenalte rafalele vor atinge 60\u202680 km\/h.<\/p>\n<p data-start=\"619\" data-end=\"921\" id=\"p-2\">Totodat\u0103, ANM a emis o aten\u021bionare de tip cod galben pentru jude\u021bul Cara\u0219-Severin, valabil\u0103 \u00eentre 8 martie, ora 22:00, \u0219i 10 martie, ora 22:00.<\/p>\n<p data-start=\"619\" data-end=\"921\" id=\"p-3\">\u201e\u00cen intervalul men\u021bionat, local \u00een jude\u021bul Cara\u0219-Severin, v\u00e2ntul va avea intensific\u0103ri cu viteze de 50\u202665 km\/h \u0219i izolat de 70 km\/h\u201d, se arat\u0103 \u00een comunicatul transmis de ANM.<\/p>\n<p data-start=\"619\" data-end=\"921\" id=\"p-4\">Meteorologii recomand\u0103 popula\u021biei s\u0103 fie pruden\u021bi \u00een special \u00een zonele montane \u0219i \u00een jude\u021bele vizate de aten\u021bionare, s\u0103 evite deplas\u0103rile \u00een condi\u021bii de v\u00e2nt puternic \u0219i s\u0103 asigure corespunz\u0103tor bunurile \u0219i vehiculele aflate \u00een aer liber.<\/p>\n","protected":false},"excerpt":{"rendered":"<p>Administra\u021bia Na\u021bional\u0103 de Meteorologie (ANM) a transmis duminic\u0103 o informare meteorologic\u0103 valabil\u0103 \u00eentre 8 martie, ora 20:00, \u0219i 10 martie, ora 22:00, referitoare la intensific\u0103ri ale v\u00e2ntului \u00een mai multe &hellip; <a href=\"https:\/\/microscopemedia.com\/?p=680665\" class=\"more-link\">Read More<\/a><\/p>\n","protected":false},"author":1,"featured_media":680666,"comment_status":"closed","ping_status":"closed","sticky":false,"template":"Default","format":"standard","meta":[],"categories":[1],"tags":[],"_links":{"self":[{"href":"https:\/\/microscopemedia.com\/index.php?rest_route=\/wp\/v2\/posts\/680665"}],"collection":[{"href":"https:\/\/microscopemedia.com\/index.php?rest_route=\/wp\/v2\/posts"}],"about":[{"href":"https:\/\/microscopemedia.com\/index.php?rest_route=\/wp\/v2\/types\/post"}],"author":[{"embeddable":true,"href":"https:\/\/microscopemedia.com\/index.php?rest_route=\/wp\/v2\/users\/1"}],"replies":[{"embeddable":true,"href":"https:\/\/microscopemedia.com\/index.php?rest_route=%2Fwp%2Fv2%2Fcomments&post=680665"}],"version-history":[{"count":0,"href":"https:\/\/microscopemedia.com\/index.php?rest_route=\/wp\/v2\/posts\/680665\/revisions"}],"wp:featuredmedia":[{"embeddable":true,"href":"https:\/\/microscopemedia.com\/index.php?rest_route=\/wp\/v2\/media\/680666"}],"wp:attachment":[{"href":"https:\/\/microscopemedia.com\/index.php?rest_route=%2Fwp%2Fv2%2Fmedia&parent=680665"}],"wp:term":[{"taxonomy":"category","embeddable":true,"href":"https:\/\/microscopemedia.com\/index.php?rest_route=%2Fwp%2Fv2%2Fcategories&post=680665"},{"taxonomy":"post_tag","embeddable":true,"href":"https:\/\/microscopemedia.com\/index.php?rest_route=%2Fwp%2Fv2%2Ftags&post=680665"}],"curies":[{"name":"wp","href":"https:\/\/api.w.org\/{rel}","templated":true}]}}