{"id":680667,"date":"2026-03-08T08:47:03","date_gmt":"2026-03-08T08:47:03","guid":{"rendered":"https:\/\/microscopemedia.com\/?p=680667"},"modified":"2026-03-08T08:47:03","modified_gmt":"2026-03-08T08:47:03","slug":"premierul-ilie-bolojan-mesaj-de-8-martie-la-multi-ani-doamnelor-si-domnisoarelor-va-multumesc-pentru-tot-ceea-ce-faceti-in-comunitati","status":"publish","type":"post","link":"https:\/\/microscopemedia.com\/?p=680667","title":{"rendered":"Premierul Ilie Bolojan, mesaj de 8 Martie: \u201eLa mul\u021bi ani, doamnelor \u0219i domni\u0219oarelor! V\u0103 mul\u021bumesc pentru tot ceea ce face\u021bi \u00een comunit\u0103\u021bi\u201d"},"content":{"rendered":"<div><img decoding=\"async\" src=\"https:\/\/microscopemedia.com\/wp-content\/uploads\/2026\/03\/premierul-ilie-bolojan-mesaj-de-8-martie-la-multi-ani-doamnelor-si-domnisoarelor-va-multumesc-pentru-tot-ceea-ce-faceti-in-comunitati.jpg\" class=\"ff-og-image-inserted\"><\/div>\n<p data-start=\"89\" data-end=\"271\" id=\"p-0\">Premierul Rom\u00e2niei, Ilie Bolojan, a transmis s\u00e2mb\u0103t\u0103 un mesaj special cu ocazia Zilei Interna\u021bionale a Femeii, pe pagina sa de Facebook, adres\u00e2ndu-se tuturor femeilor din \u021bar\u0103.<\/p>\n<p data-start=\"273\" data-end=\"613\" id=\"p-1\">\u00centr-un scurt mesaj emo\u021bionant, prim-ministrul \u021b\u0103rii \u0219i-a exprimat recuno\u0219tin\u021ba \u0219i aprecierea pentru rolul important pe care femeile \u00eel au \u00een familie \u0219i \u00een societate: \u201eLa mul\u021bi ani, doamnelor \u0219i domni\u0219oarelor! V\u0103 mul\u021bumesc pentru sprijinul pe care \u00eel oferi\u021bi familiilor dumneavoastr\u0103 \u0219i pentru tot ceea ce face\u021bi \u00een comunit\u0103\u021bi, \u00een serviciile publice sau \u00een companii.\u201d<\/p>\n<p data-start=\"273\" data-end=\"613\" id=\"p-3\">Ziua Interna\u021bional\u0103 a Femeii este marcat\u0103 pe 8 Martie \u00een multe \u021b\u0103ri prin evenimente publice, campanii de informare \u0219i gesturi de apreciere. Dincolo de flori \u0219i felicit\u0103ri, aceast\u0103 zi este un moment pentru a reflecta asupra rolului femeilor \u00een societate, asupra progreselor realizate \u0219i asupra provoc\u0103rilor care \u00eenc\u0103 exist\u0103 \u00een privin\u021ba egalit\u0103\u021bii de \u0219anse \u0219i a recunoa\u0219terii contribu\u021biilor lor \u00een via\u021ba social\u0103, economic\u0103, cultural\u0103.<\/p>\n","protected":false},"excerpt":{"rendered":"<p>Premierul Rom\u00e2niei, Ilie Bolojan, a transmis s\u00e2mb\u0103t\u0103 un mesaj special cu ocazia Zilei Interna\u021bionale a Femeii, pe pagina sa de Facebook, adres\u00e2ndu-se tuturor femeilor din \u021bar\u0103. \u00centr-un scurt mesaj emo\u021bionant, &hellip; <a href=\"https:\/\/microscopemedia.com\/?p=680667\" class=\"more-link\">Read More<\/a><\/p>\n","protected":false},"author":1,"featured_media":680668,"comment_status":"closed","ping_status":"closed","sticky":false,"template":"Default","format":"standard","meta":[],"categories":[1],"tags":[],"_links":{"self":[{"href":"https:\/\/microscopemedia.com\/index.php?rest_route=\/wp\/v2\/posts\/680667"}],"collection":[{"href":"https:\/\/microscopemedia.com\/index.php?rest_route=\/wp\/v2\/posts"}],"about":[{"href":"https:\/\/microscopemedia.com\/index.php?rest_route=\/wp\/v2\/types\/post"}],"author":[{"embeddable":true,"href":"https:\/\/microscopemedia.com\/index.php?rest_route=\/wp\/v2\/users\/1"}],"replies":[{"embeddable":true,"href":"https:\/\/microscopemedia.com\/index.php?rest_route=%2Fwp%2Fv2%2Fcomments&post=680667"}],"version-history":[{"count":0,"href":"https:\/\/microscopemedia.com\/index.php?rest_route=\/wp\/v2\/posts\/680667\/revisions"}],"wp:featuredmedia":[{"embeddable":true,"href":"https:\/\/microscopemedia.com\/index.php?rest_route=\/wp\/v2\/media\/680668"}],"wp:attachment":[{"href":"https:\/\/microscopemedia.com\/index.php?rest_route=%2Fwp%2Fv2%2Fmedia&parent=680667"}],"wp:term":[{"taxonomy":"category","embeddable":true,"href":"https:\/\/microscopemedia.com\/index.php?rest_route=%2Fwp%2Fv2%2Fcategories&post=680667"},{"taxonomy":"post_tag","embeddable":true,"href":"https:\/\/microscopemedia.com\/index.php?rest_route=%2Fwp%2Fv2%2Ftags&post=680667"}],"curies":[{"name":"wp","href":"https:\/\/api.w.org\/{rel}","templated":true}]}}