{"id":680675,"date":"2026-03-08T09:36:04","date_gmt":"2026-03-08T09:36:04","guid":{"rendered":"https:\/\/microscopemedia.com\/?p=680675"},"modified":"2026-03-08T09:36:04","modified_gmt":"2026-03-08T09:36:04","slug":"ursula-von-der-leyen-mesaj-de-ziua-internationala-a-femeii-puterea-este-in-noi","status":"publish","type":"post","link":"https:\/\/microscopemedia.com\/?p=680675","title":{"rendered":"Ursula von der Leyen, mesaj de Ziua Interna\u021bional\u0103 a Femeii: \u201ePuterea este \u00een noi\u201d"},"content":{"rendered":"<div><img decoding=\"async\" src=\"https:\/\/microscopemedia.com\/wp-content\/uploads\/2026\/03\/ursula-von-der-leyen-mesaj-de-ziua-internationala-a-femeii-puterea-este-in-noi.jpg\" class=\"ff-og-image-inserted\"><\/div>\n<p data-start=\"87\" data-end=\"268\" id=\"p-0\">Pre\u0219edinta Comisiei Europene, <strong data-start=\"117\" data-end=\"141\">Ursula von der Leyen<\/strong>, a transmis duminic\u0103 un mesaj de Ziua Interna\u021bional\u0103 a Femeii pe pagina sa de X, adresat femeilor \u0219i fetelor din \u00eentreaga lume.<\/p>\n<blockquote class=\"twitter-tweet\" readability=\"13.112903225806\">\n<p dir=\"ltr\" lang=\"en\" id=\"p-1\">On International Women\u2019s Day, I pay tribute to girls and women everywhere who continue to fight oppression with relentless strength, with unbreakable courage.<\/p>\n<p id=\"p-2\">This strength and courage live within all of us.<\/p>\n<p id=\"p-3\">The power is in us. <a href=\"https:\/\/t.co\/Cf08qcvj0Y\">pic.twitter.com\/Cf08qcvj0Y<\/a><\/p>\n<p id=\"p-4\">\u2014 Ursula von der Leyen (@vonderleyen) <a href=\"https:\/\/twitter.com\/vonderleyen\/status\/2030569781338726882?ref_src=twsrc%5Etfw\">March 8, 2026<\/a><\/p>\n<\/blockquote>\n<p data-start=\"270\" data-end=\"695\" id=\"p-6\">\u00cen postarea sa, Ursula von der Leyen a f\u0103cut referire la importan\u021ba luptei pe termen lung pentru drepturile \u0219i libertatea femeilor, la nivel interna\u021bional.<\/p>\n<p data-start=\"270\" data-end=\"695\" id=\"p-7\">\u201eDe Ziua Interna\u021bional\u0103 a Femeii, aduc un omagiu fetelor \u0219i femeilor de pretutindeni care continu\u0103 s\u0103 lupte \u00eempotriva opresiunii cu o for\u021b\u0103 neobosit\u0103, cu un curaj de ne\u00eenvins.\u201d, a scris pre\u0219edinta.<\/p>\n<p data-start=\"270\" data-end=\"695\" id=\"p-8\">Ea a punctat c\u0103 acest curaj de a lupta pentru schimbare \u0219i egalitate nu apar\u021bine doar femeilor, ci tr\u0103ie\u0219te \u00een fiecare persoan\u0103: \u201eAceast\u0103 for\u021b\u0103 \u0219i curaj tr\u0103iesc \u00een noi to\u021bi.\u201d<\/p>\n<p data-start=\"270\" data-end=\"695\" id=\"p-9\">\u201ePuterea este \u00een noi.\u201d, a transmis pre\u0219edinta Comisiei Europene.<\/p>\n","protected":false},"excerpt":{"rendered":"<p>Pre\u0219edinta Comisiei Europene, Ursula von der Leyen, a transmis duminic\u0103 un mesaj de Ziua Interna\u021bional\u0103 a Femeii pe pagina sa de X, adresat femeilor \u0219i fetelor din \u00eentreaga lume. On &hellip; <a href=\"https:\/\/microscopemedia.com\/?p=680675\" class=\"more-link\">Read More<\/a><\/p>\n","protected":false},"author":1,"featured_media":680676,"comment_status":"closed","ping_status":"closed","sticky":false,"template":"Default","format":"standard","meta":[],"categories":[1],"tags":[],"_links":{"self":[{"href":"https:\/\/microscopemedia.com\/index.php?rest_route=\/wp\/v2\/posts\/680675"}],"collection":[{"href":"https:\/\/microscopemedia.com\/index.php?rest_route=\/wp\/v2\/posts"}],"about":[{"href":"https:\/\/microscopemedia.com\/index.php?rest_route=\/wp\/v2\/types\/post"}],"author":[{"embeddable":true,"href":"https:\/\/microscopemedia.com\/index.php?rest_route=\/wp\/v2\/users\/1"}],"replies":[{"embeddable":true,"href":"https:\/\/microscopemedia.com\/index.php?rest_route=%2Fwp%2Fv2%2Fcomments&post=680675"}],"version-history":[{"count":0,"href":"https:\/\/microscopemedia.com\/index.php?rest_route=\/wp\/v2\/posts\/680675\/revisions"}],"wp:featuredmedia":[{"embeddable":true,"href":"https:\/\/microscopemedia.com\/index.php?rest_route=\/wp\/v2\/media\/680676"}],"wp:attachment":[{"href":"https:\/\/microscopemedia.com\/index.php?rest_route=%2Fwp%2Fv2%2Fmedia&parent=680675"}],"wp:term":[{"taxonomy":"category","embeddable":true,"href":"https:\/\/microscopemedia.com\/index.php?rest_route=%2Fwp%2Fv2%2Fcategories&post=680675"},{"taxonomy":"post_tag","embeddable":true,"href":"https:\/\/microscopemedia.com\/index.php?rest_route=%2Fwp%2Fv2%2Ftags&post=680675"}],"curies":[{"name":"wp","href":"https:\/\/api.w.org\/{rel}","templated":true}]}}