{"id":680683,"date":"2026-03-08T10:36:03","date_gmt":"2026-03-08T10:36:03","guid":{"rendered":"https:\/\/microscopemedia.com\/?p=680683"},"modified":"2026-03-08T10:36:03","modified_gmt":"2026-03-08T10:36:03","slug":"diana-buzoianu-anunta-curatarea-lacului-de-acumulare-de-la-calimanesti-asadar-da-putem-avea-o-romanie-curata","status":"publish","type":"post","link":"https:\/\/microscopemedia.com\/?p=680683","title":{"rendered":"Diana Buzoianu anun\u021b\u0103 cur\u0103\u021barea lacului de acumulare de la C\u0103lim\u0103ne\u0219ti: \u201eA\u0219adar, da, putem avea o Rom\u00e2nie curat\u0103\u201d"},"content":{"rendered":"<div><img decoding=\"async\" src=\"https:\/\/microscopemedia.com\/wp-content\/uploads\/2026\/03\/diana-buzoianu-anunta-curatarea-lacului-de-acumulare-de-la-calimanesti-asadar-da-putem-avea-o-romanie-curata.jpg\" class=\"ff-og-image-inserted\"><\/div>\n<p data-start=\"120\" data-end=\"440\" id=\"p-0\">Ministra Mediului, <strong data-start=\"139\" data-end=\"157\">Diana Buzoianu<\/strong>, a f\u0103cut duminic\u0103 diminea\u021b\u0103 un anun\u021b pe Facebook despre finalizarea lucr\u0103rilor de cur\u0103\u021bare a lacului de acumulare de la C\u0103lim\u0103ne\u0219ti, unde fuseser\u0103 descoperite tone de de\u0219euri.<\/p>\n<p data-start=\"442\" data-end=\"863\" id=\"p-1\">\u201eAcum fix o s\u0103pt\u0103m\u00e2n\u0103, pe la aceast\u0103 or\u0103, treceam \u00eent\u00e2mpl\u0103tor, \u00een drum spre Bucure\u0219ti, pe l\u00e2ng\u0103 lacul de acumulare C\u0103lim\u0103ne\u0219ti care era plin de gunoaie, a\u0219a cum pute\u021bi vedea \u0219i dumneavoastr\u0103\u201d, a relatat ministra Mediului.<\/p>\n<p data-start=\"442\" data-end=\"863\" id=\"p-2\">Buzoianu a afirmat c\u0103 a f\u0103cut fotografii \u0219i a anun\u021bat ANAR despre situa\u021bia din zin\u0103. Aceasta a mai spus c\u0103 reprezentan\u021bii Apele Rom\u00e2ne au intervenit imediat, lu\u00e2nd leg\u0103tura cu Hidroelectrica, administratorul lacului.<\/p>\n<p data-start=\"865\" data-end=\"1311\" id=\"p-3\">La \u0219ase zile de la sesizare, lacul a fost cur\u0103\u021bat complet. Diana Buzoianu a declarat c\u0103 \u201eieri, la 6 zile de la momentul \u00een care am sesizat autorit\u0103\u021bile cu privire la aceast\u0103 problem\u0103, se finalizau lucr\u0103rile de cur\u0103\u021bare a lacului.\u201d.<\/p>\n<p data-start=\"865\" data-end=\"1311\" id=\"p-4\">\u201eLe mul\u021bumesc reprezentan\u021bilor Hidroelectrica c\u0103 au colaborat cu reprezentan\u021bii ANAR \u0219i c\u0103 au cur\u0103\u021bat \u00een 6 zile tonele de de\u0219euri din lacul de acumulare de la C\u0103lim\u0103ne\u0219ti. E vital pentru noi to\u021bi s\u0103 avem ape curate.\u201d, a mai spus Buzoianu.<\/p>\n<p data-start=\"865\" data-end=\"1311\" id=\"p-5\">\u00cen acela\u0219i mesaj, ministra Mediului a declarat c\u0103 \u00een astfel de situa\u021bii se observa implicarea autorit\u0103\u021bilor, care dau dovad\u0103 de responsabilitate \u0219i implicare.<\/p>\n<p data-start=\"865\" data-end=\"1311\" id=\"p-6\">\u201eA\u0219adar, da, putem avea o Rom\u00e2nie curat\u0103 acolo unde autorit\u0103\u021bile \u00een\u021beleg c\u0103 nu mai \u00eentoarce nimeni privirea \u0219i unde responsabilitatea devine principiul de baz\u0103 al activit\u0103\u021bii lor.\u201d<\/p>\n<p data-start=\"865\" data-end=\"1311\" id=\"p-7\">\u201eA\u0219a c\u0103 lec\u021bia e simpl\u0103: e important\u0103 vigilen\u021ba noastr\u0103, a tuturor. Da, e nevoie \u0219i de modific\u0103ri de sistem, acolo unde ele sunt nefunc\u021bionale azi. Dar e important \u0219i fiecare caz \u00een care autorit\u0103\u021bile sunt sesizate, fiecare exemplu de \u2018se poate, de azi \u00eencep\u00e2nd, s\u0103 vedem o schimbare \u00een bine\u2019.\u201d<\/p>\n","protected":false},"excerpt":{"rendered":"<p>Ministra Mediului, Diana Buzoianu, a f\u0103cut duminic\u0103 diminea\u021b\u0103 un anun\u021b pe Facebook despre finalizarea lucr\u0103rilor de cur\u0103\u021bare a lacului de acumulare de la C\u0103lim\u0103ne\u0219ti, unde fuseser\u0103 descoperite tone de de\u0219euri. &hellip; <a href=\"https:\/\/microscopemedia.com\/?p=680683\" class=\"more-link\">Read More<\/a><\/p>\n","protected":false},"author":1,"featured_media":680684,"comment_status":"closed","ping_status":"closed","sticky":false,"template":"Default","format":"standard","meta":[],"categories":[1],"tags":[],"_links":{"self":[{"href":"https:\/\/microscopemedia.com\/index.php?rest_route=\/wp\/v2\/posts\/680683"}],"collection":[{"href":"https:\/\/microscopemedia.com\/index.php?rest_route=\/wp\/v2\/posts"}],"about":[{"href":"https:\/\/microscopemedia.com\/index.php?rest_route=\/wp\/v2\/types\/post"}],"author":[{"embeddable":true,"href":"https:\/\/microscopemedia.com\/index.php?rest_route=\/wp\/v2\/users\/1"}],"replies":[{"embeddable":true,"href":"https:\/\/microscopemedia.com\/index.php?rest_route=%2Fwp%2Fv2%2Fcomments&post=680683"}],"version-history":[{"count":0,"href":"https:\/\/microscopemedia.com\/index.php?rest_route=\/wp\/v2\/posts\/680683\/revisions"}],"wp:featuredmedia":[{"embeddable":true,"href":"https:\/\/microscopemedia.com\/index.php?rest_route=\/wp\/v2\/media\/680684"}],"wp:attachment":[{"href":"https:\/\/microscopemedia.com\/index.php?rest_route=%2Fwp%2Fv2%2Fmedia&parent=680683"}],"wp:term":[{"taxonomy":"category","embeddable":true,"href":"https:\/\/microscopemedia.com\/index.php?rest_route=%2Fwp%2Fv2%2Fcategories&post=680683"},{"taxonomy":"post_tag","embeddable":true,"href":"https:\/\/microscopemedia.com\/index.php?rest_route=%2Fwp%2Fv2%2Ftags&post=680683"}],"curies":[{"name":"wp","href":"https:\/\/api.w.org\/{rel}","templated":true}]}}