{"id":680687,"date":"2026-03-08T10:56:04","date_gmt":"2026-03-08T10:56:04","guid":{"rendered":"https:\/\/microscopemedia.com\/?p=680687"},"modified":"2026-03-08T10:56:04","modified_gmt":"2026-03-08T10:56:04","slug":"primaria-municipiului-bucuresti-veste-pentru-corporatisti-gata-tramvaiul-5-circula-dupa-doi-ani","status":"publish","type":"post","link":"https:\/\/microscopemedia.com\/?p=680687","title":{"rendered":"Prim\u0103ria Municipiului Bucure\u0219ti, veste pentru corporati\u0219ti: \u201eGata, tramvaiul 5 circul\u0103! Dup\u0103 doi ani!\u201d"},"content":{"rendered":"<div><img decoding=\"async\" src=\"https:\/\/microscopemedia.com\/wp-content\/uploads\/2026\/03\/primaria-municipiului-bucuresti-veste-pentru-corporatisti-gata-tramvaiul-5-circula-dupa-doi-ani.jpg\" class=\"ff-og-image-inserted\"><\/div>\n<p data-start=\"89\" data-end=\"398\" id=\"p-0\">Prim\u0103ria Municipiului Bucure\u0219ti a anun\u021bat duminic\u0103 pe Facebook reluarea circula\u021biei tramvaiului 5, dup\u0103 o pauz\u0103 de doi ani. Postarea oficial\u0103 precizeaz\u0103 c\u0103 acest mijloc de transport are o mare importan\u021b\u0103 pentru leg\u0103tura \u00eentre nordul \u0219i estul Capitalei \u0219i pentru mobilitatea angaja\u021bilor care lucreaz\u0103 \u00een zona de birouri.<\/p>\n<p data-start=\"400\" data-end=\"670\" id=\"p-1\">\u00cen mesajul publicat, Prim\u0103ria a precizat: \u201eGata, tramvaiul 5 circul\u0103! Dup\u0103 doi ani!\u201d \u0219i a explicat traseul: \u201ePe traseul Aeroportul B\u0103neasa \u2013 terminalul Pantelimon \u0219i asigur\u0103 leg\u0103tura \u00eentre nordul \u0219i estul Capitalei, mobilitatea celor care lucreaz\u0103 \u00een zona de birouri.\u201d<\/p>\n<p data-start=\"400\" data-end=\"670\" id=\"p-2\">Totodat\u0103, Administra\u021bia Capitalei a men\u021bionat c\u0103 anumite lucr\u0103ri continu\u0103 pentru \u00eembun\u0103t\u0103\u021birea infrastructurii: \u201e\u00cen zona \u0218tefan cel Mare \u2013 Sf. Gheorghe lucr\u0103m la modernizarea c\u0103ii de rulare.\u201d A<\/p>\n<p data-start=\"400\" data-end=\"670\" id=\"p-3\">Astfel, de\u0219i tramvaiul oficial a revenit \u00een circula\u021bie, anumite por\u021biuni vor fi modernizate progresiv pentru a asigura siguran\u021ba \u0219i confortul c\u0103l\u0103torilor.<\/p>\n","protected":false},"excerpt":{"rendered":"<p>Prim\u0103ria Municipiului Bucure\u0219ti a anun\u021bat duminic\u0103 pe Facebook reluarea circula\u021biei tramvaiului 5, dup\u0103 o pauz\u0103 de doi ani. Postarea oficial\u0103 precizeaz\u0103 c\u0103 acest mijloc de transport are o mare importan\u021b\u0103 &hellip; <a href=\"https:\/\/microscopemedia.com\/?p=680687\" class=\"more-link\">Read More<\/a><\/p>\n","protected":false},"author":1,"featured_media":680688,"comment_status":"closed","ping_status":"closed","sticky":false,"template":"Default","format":"standard","meta":[],"categories":[1],"tags":[],"_links":{"self":[{"href":"https:\/\/microscopemedia.com\/index.php?rest_route=\/wp\/v2\/posts\/680687"}],"collection":[{"href":"https:\/\/microscopemedia.com\/index.php?rest_route=\/wp\/v2\/posts"}],"about":[{"href":"https:\/\/microscopemedia.com\/index.php?rest_route=\/wp\/v2\/types\/post"}],"author":[{"embeddable":true,"href":"https:\/\/microscopemedia.com\/index.php?rest_route=\/wp\/v2\/users\/1"}],"replies":[{"embeddable":true,"href":"https:\/\/microscopemedia.com\/index.php?rest_route=%2Fwp%2Fv2%2Fcomments&post=680687"}],"version-history":[{"count":0,"href":"https:\/\/microscopemedia.com\/index.php?rest_route=\/wp\/v2\/posts\/680687\/revisions"}],"wp:featuredmedia":[{"embeddable":true,"href":"https:\/\/microscopemedia.com\/index.php?rest_route=\/wp\/v2\/media\/680688"}],"wp:attachment":[{"href":"https:\/\/microscopemedia.com\/index.php?rest_route=%2Fwp%2Fv2%2Fmedia&parent=680687"}],"wp:term":[{"taxonomy":"category","embeddable":true,"href":"https:\/\/microscopemedia.com\/index.php?rest_route=%2Fwp%2Fv2%2Fcategories&post=680687"},{"taxonomy":"post_tag","embeddable":true,"href":"https:\/\/microscopemedia.com\/index.php?rest_route=%2Fwp%2Fv2%2Ftags&post=680687"}],"curies":[{"name":"wp","href":"https:\/\/api.w.org\/{rel}","templated":true}]}}