{"id":680691,"date":"2026-03-08T11:36:04","date_gmt":"2026-03-08T11:36:04","guid":{"rendered":"https:\/\/microscopemedia.com\/?p=680691"},"modified":"2026-03-08T11:36:04","modified_gmt":"2026-03-08T11:36:04","slug":"critici-din-europa-dupa-atacurile-asupra-iranului-elvetia-acuza-incalcarea-dreptului-international","status":"publish","type":"post","link":"https:\/\/microscopemedia.com\/?p=680691","title":{"rendered":"Critici din Europa dup\u0103 atacurile asupra Iranului. Elve\u021bia acuz\u0103 \u00eenc\u0103lcarea dreptului interna\u021bional"},"content":{"rendered":"<div><img decoding=\"async\" src=\"https:\/\/microscopemedia.com\/wp-content\/uploads\/2026\/03\/critici-din-europa-dupa-atacurile-asupra-iranului-elvetia-acuza-incalcarea-dreptului-international.jpg\" class=\"ff-og-image-inserted\"><\/div>\n<p data-start=\"104\" data-end=\"411\" id=\"p-0\">Atacurile lansate de Statele Unite \u0219i Israel asupra Iranului provoac\u0103 reac\u021bii dure \u00een Europa. Ministrul elve\u021bian al Ap\u0103r\u0103rii, <span class=\"hover:entity-accent entity-underline inline cursor-pointer align-baseline\"><span class=\"whitespace-normal\">Martin Pfister<\/span><\/span>, a declarat c\u0103 aceste ac\u021biuni contravin dreptului interna\u021bional.<\/p>\n<p data-start=\"104\" data-end=\"411\" id=\"p-1\">Declara\u021bia lui apare \u00eentr-un interviu publicat duminic\u0103 \u00een ziarul SonntagsZeitung, transmite <a href=\"https:\/\/www.reuters.com\/world\/europe\/iran-attacks-breach-international-law-swiss-defence-minister-says-2026-03-08\/\">Reuters<\/a>.<\/p>\n<p data-start=\"413\" data-end=\"814\" id=\"p-2\">Oficialul elve\u021bian a precizat c\u0103 pozi\u021bia guvernului de la Berna este destul de evident\u0103.<\/p>\n<p data-start=\"413\" data-end=\"814\" id=\"p-3\">\u201eConsiliul Federal este de p\u0103rere c\u0103 atacul asupra Iranului constituie o \u00eenc\u0103lcare a dreptului interna\u021bional\u201d, a declarat ministrul pentru publica\u021bia elve\u021bian\u0103. El a spus c\u0103 ac\u021biunea militar\u0103 contrazice regulile stabilite prin <span class=\"hover:entity-accent entity-underline inline cursor-pointer align-baseline\"><span class=\"whitespace-normal\">United Nations<\/span><\/span> \u0219i principiile din <span class=\"hover:entity-accent entity-underline inline cursor-pointer align-baseline\"><span class=\"whitespace-normal\">United Nations Charter<\/span><\/span>.<\/p>\n<p data-start=\"816\" data-end=\"1144\" id=\"p-4\">Potrivit acestor reguli, statele membre trebuie s\u0103 evite utilizarea for\u021bei sau amenin\u021barea cu for\u021ba, cu excep\u021bia situa\u021biilor de autoap\u0103rare sau a unor opera\u021biuni aprobate de organiza\u021bia interna\u021bional\u0103.<\/p>\n<p data-start=\"816\" data-end=\"1144\" id=\"p-5\">Mul\u021bi exper\u021bi \u00een drept interna\u021bional consider\u0103 c\u0103 opera\u021biunea militar\u0103 \u00eempotriva Iranului nu se \u00eencadreaz\u0103 \u00een aceste condi\u021bii.<\/p>\n<p data-start=\"1146\" data-end=\"1365\" id=\"p-6\">Ministrul elve\u021bian a criticat, de altfel, toate p\u0103r\u021bile implicate \u00een conflict \u0219i a cerut oprirea luptelor pentru a proteja popula\u021bia civil\u0103. \u201e\u00cen opinia noastr\u0103, acesta constituie o \u00eenc\u0103lcare a interdic\u021biei violen\u021bei\u201d, a ad\u0103ugat el.<\/p>\n<p data-start=\"1367\" data-end=\"1615\" id=\"p-7\">Pfister a explicat c\u0103 pozi\u021bia sa vizeaz\u0103 orice stat care nu respect\u0103 interdic\u021bia privind folosirea for\u021bei. \u201eAmericanii \u0219i Israelul au atacat Iranul din aer. Proced\u00e2nd astfel, ei, la fel ca Iranul, au \u00eenc\u0103lcat dreptul interna\u021bional\u201d, a spus Pfister.<\/p>\n<p data-start=\"1617\" data-end=\"2007\" id=\"p-8\">Vicecancelarul Germaniei \u0219i ministrul de finan\u021be, <span class=\"hover:entity-accent entity-underline inline cursor-pointer align-baseline\"><span class=\"whitespace-normal\">Lars Klingbeil<\/span><\/span>, a exprimat \u0219i el \u00eendoieli cu privire la legitimitatea conflictului. El a afirmat pentru agen\u021bia de \u0219tiri RND c\u0103 are \u201e\u00eendoieli serioase c\u0103 acest r\u0103zboi este legitim \u00een conformitate cu dreptul interna\u021bional\u201d.<\/p>\n<p data-start=\"2009\" data-end=\"2171\" id=\"p-9\">Oficialul german a respins \u0219i ideea unei eventuale implic\u0103ri militare a Berlinului: \u201eSpun clar: acesta nu este r\u0103zboiul nostru. Nu vom participa la acest r\u0103zboi\u201d.<\/p>\n<p data-start=\"2173\" data-end=\"2433\" id=\"p-10\">Lars Klingbeil a afirmat c\u0103 situa\u021bia actual\u0103 poate crea un precedent periculos pentru ordinea global\u0103: \u201eMare pericol s\u0103 alunec\u0103m tot mai ad\u00e2nc \u00eentr-o lume \u00een care nu mai exist\u0103 reguli. Nu vrem s\u0103 tr\u0103im \u00eentr-o lume \u00een care se aplic\u0103 doar legea celui mai puternic\u201d.<\/p>\n<p data-start=\"2435\" data-end=\"2736\" data-is-last-node data-is-only-node id=\"p-11\">\u0218i guvernul din <span class=\"hover:entity-accent entity-underline inline cursor-pointer align-baseline\"><span class=\"whitespace-normal\">Spain<\/span><\/span> a criticat bombardamentele realizate de Statele Unite \u0219i Israel asupra Iranului. Autorit\u0103\u021bile spaniole au descris atacurile drept ac\u021biuni nes\u0103buite \u0219i ilegale.<\/p>\n","protected":false},"excerpt":{"rendered":"<p>Atacurile lansate de Statele Unite \u0219i Israel asupra Iranului provoac\u0103 reac\u021bii dure \u00een Europa. Ministrul elve\u021bian al Ap\u0103r\u0103rii, Martin Pfister, a declarat c\u0103 aceste ac\u021biuni contravin dreptului interna\u021bional. Declara\u021bia lui &hellip; <a href=\"https:\/\/microscopemedia.com\/?p=680691\" class=\"more-link\">Read More<\/a><\/p>\n","protected":false},"author":1,"featured_media":680692,"comment_status":"closed","ping_status":"closed","sticky":false,"template":"Default","format":"standard","meta":[],"categories":[1],"tags":[],"_links":{"self":[{"href":"https:\/\/microscopemedia.com\/index.php?rest_route=\/wp\/v2\/posts\/680691"}],"collection":[{"href":"https:\/\/microscopemedia.com\/index.php?rest_route=\/wp\/v2\/posts"}],"about":[{"href":"https:\/\/microscopemedia.com\/index.php?rest_route=\/wp\/v2\/types\/post"}],"author":[{"embeddable":true,"href":"https:\/\/microscopemedia.com\/index.php?rest_route=\/wp\/v2\/users\/1"}],"replies":[{"embeddable":true,"href":"https:\/\/microscopemedia.com\/index.php?rest_route=%2Fwp%2Fv2%2Fcomments&post=680691"}],"version-history":[{"count":0,"href":"https:\/\/microscopemedia.com\/index.php?rest_route=\/wp\/v2\/posts\/680691\/revisions"}],"wp:featuredmedia":[{"embeddable":true,"href":"https:\/\/microscopemedia.com\/index.php?rest_route=\/wp\/v2\/media\/680692"}],"wp:attachment":[{"href":"https:\/\/microscopemedia.com\/index.php?rest_route=%2Fwp%2Fv2%2Fmedia&parent=680691"}],"wp:term":[{"taxonomy":"category","embeddable":true,"href":"https:\/\/microscopemedia.com\/index.php?rest_route=%2Fwp%2Fv2%2Fcategories&post=680691"},{"taxonomy":"post_tag","embeddable":true,"href":"https:\/\/microscopemedia.com\/index.php?rest_route=%2Fwp%2Fv2%2Ftags&post=680691"}],"curies":[{"name":"wp","href":"https:\/\/api.w.org\/{rel}","templated":true}]}}