{"id":680699,"date":"2026-03-08T12:36:04","date_gmt":"2026-03-08T12:36:04","guid":{"rendered":"https:\/\/microscopemedia.com\/?p=680699"},"modified":"2026-03-08T12:36:04","modified_gmt":"2026-03-08T12:36:04","slug":"mesajul-lui-nicusor-dan-de-8-martie-nu-toate-femeile-primesc-flori-astazi-admir-curajul-celor-care-lupta-in-tacere","status":"publish","type":"post","link":"https:\/\/microscopemedia.com\/?p=680699","title":{"rendered":"Mesajul lui Nicu\u0219or Dan de 8 Martie: \u201eNu toate femeile primesc flori ast\u0103zi. Admir curajul celor care lupt\u0103 \u00een t\u0103cere\u201d"},"content":{"rendered":"<div><img decoding=\"async\" src=\"https:\/\/microscopemedia.com\/wp-content\/uploads\/2026\/03\/mesajul-lui-nicusor-dan-de-8-martie-nu-toate-femeile-primesc-flori-astazi-admir-curajul-celor-care-lupta-in-tacere.jpg\" class=\"ff-og-image-inserted\"><\/div>\n<p data-start=\"307\" data-end=\"483\" id=\"p-0\">\u00cen mesajul publicat cu ocazia zilei de 8 martie, \u0219eful statului a mul\u021bumit femeilor pentru contribu\u021bia lor zilnic\u0103, afirm\u00e2nd c\u0103 societatea uit\u0103 adesea c\u00e2t de mult le datoreaz\u0103.<\/p>\n<p data-start=\"485\" data-end=\"761\" id=\"p-1\">\u201eLa mul\u021bi ani tuturor doamnelor \u0219i domni\u0219oarelor! De Ziua Interna\u021bional\u0103 a Femeii, v\u0103 mul\u021bumesc pentru tot ce face\u021bi pentru familiile dumneavoastr\u0103 \u0219i pentru comunitate. Prea des uit\u0103m c\u00e2t de mult v\u0103 dator\u0103m, c\u00e2t de puternice \u0219i de curajoase sunte\u021bi\u201d, a transmis pre\u0219edintele.<\/p>\n<p data-start=\"763\" data-end=\"928\" id=\"p-2\">\u00cen acela\u0219i mesaj, Nicu\u0219or Dan a atras aten\u021bia c\u0103 nu toate femeile se bucur\u0103 de apreciere \u0219i sprijin, \u00eendrept\u00e2ndu-\u0219i g\u00e2ndurile c\u0103tre cele aflate \u00een situa\u021bii dificile.<\/p>\n<blockquote class=\"twitter-tweet\" readability=\"16.10781671159\">\n<p dir=\"ltr\" lang=\"ro\" id=\"p-3\">La mul\u021bi ani tuturor doamnelor \u0219i domni\u0219oarelor!<\/p>\n<p id=\"p-4\">De Ziua Interna\u021bional\u0103 a Femeii, v\u01ce mul\u021bumesc pentru tot ce face\u021bi pentru familiile dumneavoastr\u0103 \u0219i pentru comunitate.<\/p>\n<p id=\"p-5\">Prea des uit\u01cem c\u00e2t de mult v\u01ce dator\u01cem, c\u00e2t de puternice \u0219i de curajoase sunte\u021bi.<\/p>\n<p id=\"p-6\">Din p\u01cecate \u00eens\u01ce, ast\u01cezi\u2026 <a href=\"https:\/\/t.co\/5zsTy7RrQH\">pic.twitter.com\/5zsTy7RrQH<\/a><\/p>\n<p id=\"p-7\">\u2014 Nicu\u0219or Dan (@NicusorDanRO) <a href=\"https:\/\/twitter.com\/NicusorDanRO\/status\/2030611031186170211?ref_src=twsrc%5Etfw\">March 8, 2026<\/a><\/p>\n<\/blockquote>\n<p data-start=\"930\" data-end=\"1273\" id=\"p-9\">Pre\u0219edintele a men\u021bionat \u00een mod special mamele singure, femeile victime ale violen\u021bei domestice \u0219i pe cele care au reu\u0219it s\u0103 ias\u0103 din rela\u021bii toxice \u0219i \u00eencearc\u0103 s\u0103 \u00ee\u0219i reconstruiasc\u0103 via\u021ba. De asemenea, el a vorbit despre bunicile care tr\u0103iesc \u00een singur\u0103tate, spun\u00e2nd c\u0103 acestea merit\u0103 respect \u0219i recunoa\u0219tere pentru curajul \u0219i demnitatea lor.<\/p>\n<p data-start=\"1275\" data-end=\"1666\" id=\"p-10\">\u201eDin p\u0103cate \u00eens\u0103, ast\u0103zi nu toate femeile primesc flori \u0219i pre\u021buire. G\u00e2ndurile mele se \u00eendreapt\u0103 mai ales c\u0103tre mamele singure, c\u0103tre femeile victime ale violen\u021bei domestice, c\u0103tre acelea care au reu\u0219it s\u0103 se desprind\u0103 din rela\u021bii toxice \u0219i \u00ee\u0219i continu\u0103 via\u021ba cu demnitate \u0219i determinare, c\u0103tre toate bunicile care tr\u0103iesc \u00een singur\u0103tate. V\u0103 admir pentru curaj \u0219i putere\u201d, a transmis acesta.<\/p>\n<p data-start=\"1668\" data-end=\"1836\" id=\"p-11\">Totodat\u0103, \u0219eful statului a subliniat c\u0103 Rom\u00e2nia mai are pa\u0219i importan\u021bi de f\u0103cut \u00een ceea ce prive\u0219te respectarea drepturilor femeilor \u0219i asigurarea egalit\u0103\u021bii de \u0219anse.<\/p>\n<p data-start=\"1838\" data-end=\"2003\" id=\"p-12\">Potrivit lui Nicu\u0219or Dan, autorit\u0103\u021bile trebuie s\u0103 continue s\u0103 lucreze pentru a garanta protec\u021bia \u0219i respectul fiec\u0103rei femei, indiferent de situa\u021bia \u00een care se afl\u0103.<\/p>\n<p data-start=\"2005\" data-end=\"2191\" id=\"p-13\">\u201eRom\u00e2nia mai are multe de f\u0103cut pentru a asigura respectul, \u0219ansele egale \u0219i protec\u021bia fiec\u0103rei femei. Voi continua s\u0103 sus\u021bin cu fermitate aceste obiective\u201d, a mai transmis pre\u0219edintele.<\/p>\n","protected":false},"excerpt":{"rendered":"<p>\u00cen mesajul publicat cu ocazia zilei de 8 martie, \u0219eful statului a mul\u021bumit femeilor pentru contribu\u021bia lor zilnic\u0103, afirm\u00e2nd c\u0103 societatea uit\u0103 adesea c\u00e2t de mult le datoreaz\u0103. \u201eLa mul\u021bi &hellip; <a href=\"https:\/\/microscopemedia.com\/?p=680699\" class=\"more-link\">Read More<\/a><\/p>\n","protected":false},"author":1,"featured_media":680700,"comment_status":"closed","ping_status":"closed","sticky":false,"template":"Default","format":"standard","meta":[],"categories":[1],"tags":[],"_links":{"self":[{"href":"https:\/\/microscopemedia.com\/index.php?rest_route=\/wp\/v2\/posts\/680699"}],"collection":[{"href":"https:\/\/microscopemedia.com\/index.php?rest_route=\/wp\/v2\/posts"}],"about":[{"href":"https:\/\/microscopemedia.com\/index.php?rest_route=\/wp\/v2\/types\/post"}],"author":[{"embeddable":true,"href":"https:\/\/microscopemedia.com\/index.php?rest_route=\/wp\/v2\/users\/1"}],"replies":[{"embeddable":true,"href":"https:\/\/microscopemedia.com\/index.php?rest_route=%2Fwp%2Fv2%2Fcomments&post=680699"}],"version-history":[{"count":0,"href":"https:\/\/microscopemedia.com\/index.php?rest_route=\/wp\/v2\/posts\/680699\/revisions"}],"wp:featuredmedia":[{"embeddable":true,"href":"https:\/\/microscopemedia.com\/index.php?rest_route=\/wp\/v2\/media\/680700"}],"wp:attachment":[{"href":"https:\/\/microscopemedia.com\/index.php?rest_route=%2Fwp%2Fv2%2Fmedia&parent=680699"}],"wp:term":[{"taxonomy":"category","embeddable":true,"href":"https:\/\/microscopemedia.com\/index.php?rest_route=%2Fwp%2Fv2%2Fcategories&post=680699"},{"taxonomy":"post_tag","embeddable":true,"href":"https:\/\/microscopemedia.com\/index.php?rest_route=%2Fwp%2Fv2%2Ftags&post=680699"}],"curies":[{"name":"wp","href":"https:\/\/api.w.org\/{rel}","templated":true}]}}