{"id":680703,"date":"2026-03-08T13:06:04","date_gmt":"2026-03-08T13:06:04","guid":{"rendered":"https:\/\/microscopemedia.com\/?p=680703"},"modified":"2026-03-08T13:06:04","modified_gmt":"2026-03-08T13:06:04","slug":"cine-va-fi-succesorul-lui-ali-khamenei-favoritii-pentru-functia-de-lider-suprem-al-iranului","status":"publish","type":"post","link":"https:\/\/microscopemedia.com\/?p=680703","title":{"rendered":"Cine va fi succesorul lui Ali Khamenei? Favori\u021bii pentru func\u021bia de lider suprem al Iranului"},"content":{"rendered":"<div><img decoding=\"async\" src=\"https:\/\/microscopemedia.com\/wp-content\/uploads\/2026\/03\/cine-va-fi-succesorul-lui-ali-khamenei-favoritii-pentru-functia-de-lider-suprem-al-iranului.jpg\" class=\"ff-og-image-inserted\"><\/div>\n<p data-start=\"169\" data-end=\"592\" id=\"p-0\">\u00cen acest context, aten\u021bia s-a \u00eendreptat c\u0103tre institu\u021bia responsabil\u0103 de desemnarea noului lider suprem al Republicii Islamice, Consiliul Exper\u021bilor.<\/p>\n<p data-start=\"594\" data-end=\"954\" id=\"p-1\">Mai mul\u021bi membri ai Consiliului Exper\u021bilor au declarat c\u0103 decizia privind succesorul lui Ali Khamenei a fost deja luat\u0103, \u00eens\u0103 identitatea persoanei nu a fost f\u0103cut\u0103 public\u0103. Potrivit anali\u0219tilor \u0219i exper\u021bilor \u00een geopolitic\u0103, mai multe nume importante din establishmentul religios \u0219i politic iranian sunt considerate poten\u021biali candida\u021bi pentru aceast\u0103 func\u021bie, scrie <a href=\"https:\/\/edition.cnn.com\/world\/live-news\/iran-war-us-israel-trump-03-08-26?post-id=cmmhi9i7e00003b6suhr6bpuo&amp;t=1772973697490\" target=\"_blank\" rel=\"noopener\">CNN<\/a>.<\/p>\n<h2 data-section-id=\"r09scx\" data-start=\"956\" data-end=\"1020\" id=\"chapter-0\">Mojtaba Khamenei. Favorit pentru succesorul lui Ali Khamenei<\/h2>\n<p data-start=\"1022\" data-end=\"1253\" id=\"p-2\">Printre favori\u021bi se num\u0103r\u0103 Mojtaba Khamenei, al doilea fiu al fostului lider suprem. De\u0219i nu a ocupat pozi\u021bii oficiale de prim rang, Mojtaba este considerat o figur\u0103 extrem de influent\u0103 \u00een culisele puterii.<\/p>\n<p data-start=\"1255\" data-end=\"1567\" id=\"p-3\">El ar avea rela\u021bii str\u00e2nse cu IRGC, cea mai puternic\u0103 structur\u0103 militar\u0103 a Iranului, precum \u0219i cu Basij, organiza\u021bia paramilitar\u0103 loial\u0103 regimului. Aceste leg\u0103turi \u00eei ofer\u0103 o pozi\u021bie solid\u0103 \u00een competi\u021bia pentru succesorul lui Ali Khamenei.<\/p>\n<h2 data-section-id=\"v42wo5\" data-start=\"1569\" data-end=\"1645\" id=\"chapter-1\">Alireza Arafi. Candidat institu\u021bional pentru succesorul lui Ali Khamenei<\/h2>\n<p data-start=\"1647\" data-end=\"2076\" id=\"p-4\">Un alt nume men\u021bionat frecvent este Alireza Arafi, cleric cu o carier\u0103 consolidat\u0103 \u00een institu\u021biile statului iranian. El este vicepre\u0219edinte al Consiliului Exper\u021bilor \u0219i a fost membru al&nbsp;Consiliul Gardienilor, organismul care verific\u0103 \u0219i valideaz\u0103 candida\u021bii la alegeri \u0219i analizeaz\u0103 legile adoptate de parlament.<\/p>\n<p data-start=\"2078\" data-end=\"2205\" id=\"p-5\">\u00cen plus, Arafi conduce sistemul seminariilor religioase din Iran, ceea ce \u00eei confer\u0103 o influen\u021b\u0103 important\u0103 \u00een r\u00e2ndul clerului.<\/p>\n<h2 data-section-id=\"ptulpu\" data-start=\"2207\" data-end=\"2283\" id=\"chapter-2\">Mohammad Mehdi Mirbagheri. Linia dur\u0103 pentru succesorul lui Ali Khamenei<\/h2>\n<p data-start=\"2285\" data-end=\"2557\" id=\"p-6\">Printre poten\u021bialii succesori se afl\u0103 \u0219i Mohammad Mehdi Mirbagheri, cunoscut pentru pozi\u021biile sale ultraconservatoare. Membru al Consiliului Exper\u021bilor, Mirbagheri reprezint\u0103 una dintre cele mai radicale fac\u021biuni ale establishmentului religios iranian.<\/p>\n<p data-start=\"2559\" data-end=\"2760\" id=\"p-7\">Potrivit unor publica\u021bii din diaspora iranian\u0103, acesta sus\u021bine c\u0103 un conflict \u00eentre lumea credincio\u0219ilor \u0219i Occident este inevitabil, pozi\u021bie care \u00eel plaseaz\u0103 ferm \u00een tab\u0103ra ideologic\u0103 antioccidental\u0103.<\/p>\n<h2 data-section-id=\"1mhq3hp\" data-start=\"2762\" data-end=\"2848\" id=\"chapter-3\">Hassan Khomeini. Mo\u0219tenitorul simbolic \u00een cursa pentru succesorul lui Ali Khamenei<\/h2>\n<p data-start=\"2850\" data-end=\"3073\" id=\"p-8\">Un alt posibil candidat este Hassan Khomeini, nepotul fondatorului Republicii Islamice, Ruhollah Khomeini. Numele s\u0103u are o puternic\u0103 valoare simbolic\u0103 \u00een politica iranian\u0103.<\/p>\n<p data-start=\"3075\" data-end=\"3300\" id=\"p-9\">Hassan Khomeini este perceput ca fiind mai moderat dec\u00e2t al\u021bi clerici influen\u021bi. Totu\u0219i, \u00een 2016 i s-a interzis s\u0103 candideze pentru Consiliul Exper\u021bilor, ceea ce arat\u0103 tensiunile din interiorul sistemului politic iranian.<\/p>\n<h2 data-section-id=\"1txt5kk\" data-start=\"3302\" data-end=\"3383\" id=\"chapter-4\">Hashem Hosseini Bushehri. Candidat discret pentru succesorul lui Ali Khamenei<\/h2>\n<p data-start=\"3385\" data-end=\"3546\" id=\"p-10\">Pe lista poten\u021bialilor succesori se reg\u0103se\u0219te \u0219i Hashem Hosseini Bushehri, cleric senior \u0219i prim-vicepre\u0219edinte al Consiliului Exper\u021bilor.<\/p>\n<p data-start=\"3548\" data-end=\"3798\" id=\"p-11\">Bushehri este considerat apropiat de fostul lider suprem, \u00eens\u0103 are un profil public discret \u0219i nu este cunoscut pentru rela\u021bii foarte puternice cu Garda Revolu\u021bionar\u0103, aspect care ar putea influen\u021ba decizia final\u0103 privind succesorul lui Ali Khamenei.<\/p>\n<p data-start=\"3865\" data-end=\"4236\" id=\"p-12\">Alegerea succesorului lui Ali Khamenei reprezint\u0103 unul dintre cele mai importante momente politice pentru Iran din ultimele decenii. Liderul suprem de\u021bine autoritatea final\u0103 asupra armatei, sistemului judiciar \u0219i politicii externe, ceea ce face ca decizia Consiliului Exper\u021bilor s\u0103 fie crucial\u0103 pentru stabilitatea intern\u0103 \u0219i pozi\u021bia Iranului pe scena interna\u021bional\u0103.<\/p>\n<p data-start=\"4238\" data-end=\"4326\" id=\"p-13\">Anun\u021bul oficial privind succesorul lui Ali Khamenei este a\u0219teptat \u00een perioada urm\u0103toare.<\/p>\n","protected":false},"excerpt":{"rendered":"<p>\u00cen acest context, aten\u021bia s-a \u00eendreptat c\u0103tre institu\u021bia responsabil\u0103 de desemnarea noului lider suprem al Republicii Islamice, Consiliul Exper\u021bilor. Mai mul\u021bi membri ai Consiliului Exper\u021bilor au declarat c\u0103 decizia privind &hellip; <a href=\"https:\/\/microscopemedia.com\/?p=680703\" class=\"more-link\">Read More<\/a><\/p>\n","protected":false},"author":1,"featured_media":680704,"comment_status":"closed","ping_status":"closed","sticky":false,"template":"Default","format":"standard","meta":[],"categories":[1],"tags":[],"_links":{"self":[{"href":"https:\/\/microscopemedia.com\/index.php?rest_route=\/wp\/v2\/posts\/680703"}],"collection":[{"href":"https:\/\/microscopemedia.com\/index.php?rest_route=\/wp\/v2\/posts"}],"about":[{"href":"https:\/\/microscopemedia.com\/index.php?rest_route=\/wp\/v2\/types\/post"}],"author":[{"embeddable":true,"href":"https:\/\/microscopemedia.com\/index.php?rest_route=\/wp\/v2\/users\/1"}],"replies":[{"embeddable":true,"href":"https:\/\/microscopemedia.com\/index.php?rest_route=%2Fwp%2Fv2%2Fcomments&post=680703"}],"version-history":[{"count":0,"href":"https:\/\/microscopemedia.com\/index.php?rest_route=\/wp\/v2\/posts\/680703\/revisions"}],"wp:featuredmedia":[{"embeddable":true,"href":"https:\/\/microscopemedia.com\/index.php?rest_route=\/wp\/v2\/media\/680704"}],"wp:attachment":[{"href":"https:\/\/microscopemedia.com\/index.php?rest_route=%2Fwp%2Fv2%2Fmedia&parent=680703"}],"wp:term":[{"taxonomy":"category","embeddable":true,"href":"https:\/\/microscopemedia.com\/index.php?rest_route=%2Fwp%2Fv2%2Fcategories&post=680703"},{"taxonomy":"post_tag","embeddable":true,"href":"https:\/\/microscopemedia.com\/index.php?rest_route=%2Fwp%2Fv2%2Ftags&post=680703"}],"curies":[{"name":"wp","href":"https:\/\/api.w.org\/{rel}","templated":true}]}}