{"id":680707,"date":"2026-03-08T13:26:04","date_gmt":"2026-03-08T13:26:04","guid":{"rendered":"https:\/\/microscopemedia.com\/?p=680707"},"modified":"2026-03-08T13:26:04","modified_gmt":"2026-03-08T13:26:04","slug":"183-de-romani-au-revenit-din-qatar-cu-un-zbor-de-repatriere-pe-ruta-riad-bucuresti","status":"publish","type":"post","link":"https:\/\/microscopemedia.com\/?p=680707","title":{"rendered":"183 de rom\u00e2ni au revenit din Qatar cu un zbor de repatriere pe ruta Riad-Bucure\u0219ti"},"content":{"rendered":"<div><img decoding=\"async\" src=\"https:\/\/microscopemedia.com\/wp-content\/uploads\/2026\/03\/183-de-romani-au-revenit-din-qatar-cu-un-zbor-de-repatriere-pe-ruta-riad-bucuresti.jpg\" class=\"ff-og-image-inserted\"><\/div>\n<p id=\"p-0\">Ministerul Afacerilor Externe (MAE) anun\u021b\u0103 c\u0103 \u00een 8 martie va ateriza la Bucure\u0219ti un zbor de repatriere asistat\u0103, \u00een regim charter, cu 183 de cet\u0103\u021beni rom\u00e2ni.<\/p>\n<p id=\"p-1\">Cet\u0103\u021benii rom\u00e2ni se aflau \u00een Qatar de la \u00eenceputul crizei din regiune.<\/p>\n<p id=\"p-2\">Cu sprijinul Celulei de criz\u0103 MAE \u015fi al Ambasadei Rom\u00e2niei la Doha, au fost transfera\u021bi pe cale rutier\u0103 pe ruta Doha-Riad, cu patru autocare \u00eenso\u021bite de o echip\u0103 consular\u0103 din cadrul misiunii diplomatice de la Doha.<\/p>\n<p id=\"p-3\">Convoiul a fost preluat la grani\u021ba cu Arabia Saudit\u0103 de c\u0103tre o echip\u0103 a Ambasadei Rom\u00e2niei la Riad pentru procedurile de trecere a frontierei \u015fi ob\u021binerea accelerat\u0103 a vizei, pentru cazurile care au necesitat acest lucru.<\/p>\n<p id=\"p-4\">Totodat\u0103, echipa Ambasadei Rom\u00e2niei la Riad a asigurat asisten\u021ba grupului pe aeroport \u0219i facilitarea procedurii de \u00eembarcare \u00een aeronav\u0103.<\/p>\n<p id=\"p-5\">Transferul terestru a fost asigurat de MAE fiind gratuit pentru cet\u0103\u021beni, iar zborul charter a fost organizat de Celula de criz\u0103 a MAE, \u00eempreun\u0103 cu operatori priva\u021bi, pentru a asigura pre\u021buri care s\u0103 permit\u0103 c\u00e2t mai multor turi\u015fti rom\u00e2ni accesul la bilete.<\/p>\n<p id=\"p-6\">\u201e\u00cen colaborare cu celelalte ambasade din regiune, MAE continu\u0103 informarea reciproc\u0103 privind m\u0103surile na\u021bionale de repatriere pentru a asigura, atunci c\u00e2nd sunt locuri disponibile, acces reciproc la solu\u021biile planificate. \u00cen acest sens, au fost transfera\u021bi \u015fi 6 cet\u0103\u021beni ai altor state, al\u0103turi de cet\u0103\u021beni rom\u00e2ni. MAE mul\u021bume\u015fte ministerelor de externe din Regatul Arabiei Saudite \u0219i Qatar pentru buna colaborare \u00een organizarea acestui zbor de repatriere asistat\u0103\u201d, transmite MAE \u00eentr-un comunicat de pres\u0103.<\/p>\n<h2 id=\"chapter-0\">1.500 de rom\u00e2ni s-au \u00eentors \u00een \u021bar\u0103<\/h2>\n<p id=\"p-7\">P\u00e2n\u0103 la acest moment, din eviden\u021bele MAE, num\u0103rul rom\u00e2nilor care au p\u0103r\u0103sit regiunea prin zboruri de repatriere asistat\u0103, zboruri de evacuare prin Mecanismul european de protec\u021bie civil\u0103 sau zboruri facilitate de MAE este de aproximativ 1.500 de persoane.<\/p>\n<p id=\"p-8\">\u00cen perioada urm\u0103toare este planificat un num\u0103r crescut de zboruri comerciale pe culoarele de zbor dedicate Rom\u00e2niei precum si zboruri de evacuare pentru cazurile vulnerabile. MAE are \u00een aten\u021bie, din \u00eenscrierile cet\u0103\u021benilor, 400 de astfel de cazuri.<\/p>\n<p id=\"p-9\">\u201eMAE continu\u0103 eforturile de sprijinire a cet\u0103\u021benilor rom\u00e2ni din regiune, inclusiv prin demersuri de organizare sau facilitare a unor zboruri suplimentare de revenire \u00een \u021bar\u0103. Siguran\u021ba tuturor r\u0103m\u00e2ne prioritar\u0103. MAE reitereaz\u0103 recomandarea ca cei care au varianta pentru zboruri comerciale s\u0103 opteze pentru acest plan de \u00eentoarcere \u00een \u021bar\u0103\u201d, mai arat\u0103 MAE.<\/p>\n","protected":false},"excerpt":{"rendered":"<p>Ministerul Afacerilor Externe (MAE) anun\u021b\u0103 c\u0103 \u00een 8 martie va ateriza la Bucure\u0219ti un zbor de repatriere asistat\u0103, \u00een regim charter, cu 183 de cet\u0103\u021beni rom\u00e2ni. Cet\u0103\u021benii rom\u00e2ni se aflau &hellip; <a href=\"https:\/\/microscopemedia.com\/?p=680707\" class=\"more-link\">Read More<\/a><\/p>\n","protected":false},"author":1,"featured_media":680708,"comment_status":"closed","ping_status":"closed","sticky":false,"template":"Default","format":"standard","meta":[],"categories":[1],"tags":[],"_links":{"self":[{"href":"https:\/\/microscopemedia.com\/index.php?rest_route=\/wp\/v2\/posts\/680707"}],"collection":[{"href":"https:\/\/microscopemedia.com\/index.php?rest_route=\/wp\/v2\/posts"}],"about":[{"href":"https:\/\/microscopemedia.com\/index.php?rest_route=\/wp\/v2\/types\/post"}],"author":[{"embeddable":true,"href":"https:\/\/microscopemedia.com\/index.php?rest_route=\/wp\/v2\/users\/1"}],"replies":[{"embeddable":true,"href":"https:\/\/microscopemedia.com\/index.php?rest_route=%2Fwp%2Fv2%2Fcomments&post=680707"}],"version-history":[{"count":0,"href":"https:\/\/microscopemedia.com\/index.php?rest_route=\/wp\/v2\/posts\/680707\/revisions"}],"wp:featuredmedia":[{"embeddable":true,"href":"https:\/\/microscopemedia.com\/index.php?rest_route=\/wp\/v2\/media\/680708"}],"wp:attachment":[{"href":"https:\/\/microscopemedia.com\/index.php?rest_route=%2Fwp%2Fv2%2Fmedia&parent=680707"}],"wp:term":[{"taxonomy":"category","embeddable":true,"href":"https:\/\/microscopemedia.com\/index.php?rest_route=%2Fwp%2Fv2%2Fcategories&post=680707"},{"taxonomy":"post_tag","embeddable":true,"href":"https:\/\/microscopemedia.com\/index.php?rest_route=%2Fwp%2Fv2%2Ftags&post=680707"}],"curies":[{"name":"wp","href":"https:\/\/api.w.org\/{rel}","templated":true}]}}