{"id":680709,"date":"2026-03-08T13:46:04","date_gmt":"2026-03-08T13:46:04","guid":{"rendered":"https:\/\/microscopemedia.com\/?p=680709"},"modified":"2026-03-08T13:46:04","modified_gmt":"2026-03-08T13:46:04","slug":"manifestatie-in-piata-universitatii-de-8-martie-pentru-drepturile-femeilor","status":"publish","type":"post","link":"https:\/\/microscopemedia.com\/?p=680709","title":{"rendered":"Manifesta\u021bie \u00een Pia\u021ba Universit\u0103\u021bii, de 8 martie, pentru drepturile femeilor"},"content":{"rendered":"<p id=\"p-0\">De 8 martie, aproximativ 500 de persoane s-au str\u00e2ns \u00een Pia\u021ba Universit\u0103\u021bii pentru a manifesta \u00eempotriva violen\u021bei, pentru a milita pentru o justi\u021bie reproductiv\u0103 pentru toate femeile. \u00cen plus, participan\u021bii protesteaz\u0103 fa\u021b\u0103 de m\u0103surile de austeritate, inclusiv cele care \u00eei afecteaz\u0103 pe studen\u021bi.<\/p>\n<div class=\"single__inline-gallery color-white mg-bottom-20 bg-black padding-5 md:rounded-10\">\n<div class=\"md:rounded-5 display-grid xs:grid-cols-2 grid-cols-3 gap-5\">\n<div class=\"single__inline-gallery-image relative column-span-2 row-span-2\">\n                <a href=\"https:\/\/www.mediafax.ro\/poze\/manifestatie-in-piata-universitatii-de-8-martie-pentru-drepturile-femeilor-23699226\"><br \/>\n                    <img decoding=\"async\" loading=\"lazy\" src=\"https:\/\/microscopemedia.com\/wp-content\/uploads\/2026\/03\/manifestatie-in-piata-universitatii-de-8-martie-pentru-drepturile-femeilor.jpg\" width=\"700\" height=\"450\"><br \/>\n                <\/a>\n                            <\/div>\n<\/p><\/div>\n<\/p><\/div>\n<p id=\"p-1\">Protestul a \u00eenceput la ora 14:00. Participan\u021bii au venit cu pancarte la manifesta\u021bie, unul dintre mesajele transmise fiind \u201eSuntem strig\u0103tul femeilor care nu mai sunt\u201d. Prin acest eveniment, organizatorii \u0219i participan\u021bii cer siguran\u021b\u0103 \u0219i demnitate \u00eentr-o lume f\u0103r\u0103 austeritate \u0219i f\u0103r\u0103 r\u0103zboaie.<\/p>\n<p id=\"p-2\"><span class=\"cursor-pointer group\" title=\"Reda\u021bi \u00eencep\u00e2nd de la 0:00\"><span class=\"group-hover:bg-base-200 rounded p-0.5 -m-0.5\" data-start=\"270\" data-end=\"5270\">\u201eSuntem ast\u0103zi aici pentru c\u0103 vrem s\u0103 comemor\u0103m ziua de 8 martie,<\/span><\/span>&nbsp;<span class=\"cursor-pointer group\" title=\"Reda\u021bi \u00eencep\u00e2nd de la 0:05\"><span class=\"group-hover:bg-base-200 rounded p-0.5 -m-0.5\" data-start=\"5270\" data-end=\"11990\">care are o \u00eensemn\u0103tate extrem de important\u0103 pentru drepturile noastre sociale \u0219i pentru bun\u0103starea noastr\u0103 social\u0103.<\/span><\/span>&nbsp;<span class=\"cursor-pointer group\" title=\"Reda\u021bi \u00eencep\u00e2nd de la 0:12\"><span class=\"group-hover:bg-base-200 rounded p-0.5 -m-0.5\" data-start=\"12190\" data-end=\"20910\">Este o zi de lupt\u0103 care ne-a adus multe din privilegiile pe care le avem o parte din noi ast\u0103zi<\/span><\/span>&nbsp;<span class=\"cursor-pointer group\" title=\"Reda\u021bi \u00eencep\u00e2nd de la 0:21\"><span class=\"group-hover:bg-base-200 rounded p-0.5 -m-0.5\" data-start=\"20910\" data-end=\"29930\">\u0219i \u00een contextul \u00een care situa\u021bia social\u0103 \u0219i politica ast\u0103zi a devenit de netr\u0103it pentru mare parte dintre noi.<\/span><\/span>&nbsp;<span class=\"cursor-pointer group\" title=\"Reda\u021bi \u00eencep\u00e2nd de la 0:30\"><span class=\"group-hover:bg-base-200 rounded p-0.5 -m-0.5 bg-primary\/25 transition-all duration-200\" data-start=\"30070\" data-end=\"39350\" data-active>Ast\u0103zi am venit aici s\u0103 protest\u0103m \u00eempotriva violen\u021bei \u00een general, dar \u00eempotriva a tot ce \u00eenseamn\u0103 violen\u021b\u0103,<\/span><\/span>&nbsp;<span class=\"cursor-pointer group\" title=\"Reda\u021bi \u00eencep\u00e2nd de la 0:39\"><span class=\"group-hover:bg-base-200 rounded p-0.5 -m-0.5\" data-start=\"39410\" data-end=\"44870\">\u00eempotriva demnit\u0103\u021bii vie\u021bii noastre, c\u0103 e vorba de austeritate, c\u0103 e vorba de militarizare,<\/span><\/span>&nbsp;<span class=\"cursor-pointer group\" title=\"Reda\u021bi \u00eencep\u00e2nd de la 0:45\"><span class=\"group-hover:bg-base-200 rounded p-0.5 -m-0.5\" data-start=\"44870\" data-end=\"51250\">care este o politic\u0103 a mor\u021bii. Ne opunem acestor politici criminale din ziua de ast\u0103zi,&nbsp;<span class=\"cursor-pointer group\" title=\"Reda\u021bi \u00eencep\u00e2nd de la 0:51\">care afecteaz\u0103 o parte masiv\u0103 dintre noi, cu prec\u0103dere femeile, \u0219i care nu ne reprezint\u0103 \u00een niciun fel.<\/span>&nbsp;<span class=\"cursor-pointer group\" title=\"Reda\u021bi \u00eencep\u00e2nd de la 1:02\">Acesta este mesajul nostru. Luptele acestea se \u00eentrep\u0103trund \u0219i vrem s\u0103 tragem un semnal asupra lor<\/span>&nbsp;<span class=\"cursor-pointer group\" title=\"Reda\u021bi \u00eencep\u00e2nd de la 1:12\">\u0219i s\u0103 invit\u0103m \u0219i la solidaritate \u00eentre noi toate clasele care suntem afectate de tot ceea ce se \u00eent\u00e2mpl\u0103 ast\u0103zi\u201d, a declarat Ela Cr\u0103ciun, de la \u201eFeminism Rom\u00e2nia\u201d.&nbsp;<\/span><\/span><\/span><\/p>\n<p id=\"p-3\">Evenimentul a fost anun\u021bat pe re\u021belele sociale.<\/p>\n<p id=\"p-4\">\u201eDe 8 martie lupt\u0103m pentru o justi\u021bie reproductiv\u0103 pentru toate femeile, \u0219i \u00een special pentru femeile rome \u0219i din comunit\u0103\u021bi marginalizate, cele mai afectate de austeritate, de subfinan\u021barea sistemului de s\u0103n\u0103tate, de rasismul sistemic, de rasializarea \u0219i precarizarea ca urmare a unui proces istoric\u201d, se arat\u0103 \u00een mesajul care a anun\u021bat manifesta\u021bia.<\/p>\n<blockquote class=\"instagram-media\" data-instgrm-captioned data-instgrm-permalink=\"https:\/\/www.instagram.com\/p\/DVeCnH1DGUM\/?utm_source=ig_embed&amp;utm_campaign=loading\" data-instgrm-version=\"14\" readability=\"-6.1551724137931\">\n<\/blockquote>\n","protected":false},"excerpt":{"rendered":"<p>De 8 martie, aproximativ 500 de persoane s-au str\u00e2ns \u00een Pia\u021ba Universit\u0103\u021bii pentru a manifesta \u00eempotriva violen\u021bei, pentru a milita pentru o justi\u021bie reproductiv\u0103 pentru toate femeile. \u00cen plus, participan\u021bii &hellip; <a href=\"https:\/\/microscopemedia.com\/?p=680709\" class=\"more-link\">Read More<\/a><\/p>\n","protected":false},"author":1,"featured_media":680710,"comment_status":"closed","ping_status":"closed","sticky":false,"template":"Default","format":"standard","meta":[],"categories":[1],"tags":[],"_links":{"self":[{"href":"https:\/\/microscopemedia.com\/index.php?rest_route=\/wp\/v2\/posts\/680709"}],"collection":[{"href":"https:\/\/microscopemedia.com\/index.php?rest_route=\/wp\/v2\/posts"}],"about":[{"href":"https:\/\/microscopemedia.com\/index.php?rest_route=\/wp\/v2\/types\/post"}],"author":[{"embeddable":true,"href":"https:\/\/microscopemedia.com\/index.php?rest_route=\/wp\/v2\/users\/1"}],"replies":[{"embeddable":true,"href":"https:\/\/microscopemedia.com\/index.php?rest_route=%2Fwp%2Fv2%2Fcomments&post=680709"}],"version-history":[{"count":0,"href":"https:\/\/microscopemedia.com\/index.php?rest_route=\/wp\/v2\/posts\/680709\/revisions"}],"wp:featuredmedia":[{"embeddable":true,"href":"https:\/\/microscopemedia.com\/index.php?rest_route=\/wp\/v2\/media\/680710"}],"wp:attachment":[{"href":"https:\/\/microscopemedia.com\/index.php?rest_route=%2Fwp%2Fv2%2Fmedia&parent=680709"}],"wp:term":[{"taxonomy":"category","embeddable":true,"href":"https:\/\/microscopemedia.com\/index.php?rest_route=%2Fwp%2Fv2%2Fcategories&post=680709"},{"taxonomy":"post_tag","embeddable":true,"href":"https:\/\/microscopemedia.com\/index.php?rest_route=%2Fwp%2Fv2%2Ftags&post=680709"}],"curies":[{"name":"wp","href":"https:\/\/api.w.org\/{rel}","templated":true}]}}