{"id":680715,"date":"2026-03-08T14:37:03","date_gmt":"2026-03-08T14:37:03","guid":{"rendered":"https:\/\/microscopemedia.com\/?p=680715"},"modified":"2026-03-08T14:37:03","modified_gmt":"2026-03-08T14:37:03","slug":"zelenski-anunta-ca-expertii-ucraineni-in-domeniul-dronelor-vor-merge-in-orientul-mijlociu-saptamana-viitoare","status":"publish","type":"post","link":"https:\/\/microscopemedia.com\/?p=680715","title":{"rendered":"Zelenski anun\u021b\u0103 c\u0103 exper\u021bii ucraineni \u00een domeniul dronelor vor merge \u00een Orientul Mijlociu \u201es\u0103pt\u0103m\u00e2na viitoare\u201d"},"content":{"rendered":"<div><img decoding=\"async\" src=\"https:\/\/microscopemedia.com\/wp-content\/uploads\/2026\/03\/zelenski-anunta-ca-expertii-ucraineni-in-domeniul-dronelor-vor-merge-in-orientul-mijlociu-saptamana-viitoare.jpg\" class=\"ff-og-image-inserted\"><\/div>\n<p id=\"p-0\">Pre\u0219edintele ucrainean Volodimir Zelenski a f\u0103cut anun\u021bul \u00een cadrul unei conferin\u021be de pres\u0103 comune cu premierul olandez Rob Jetten.<\/p>\n<p id=\"p-1\">\u201eDac\u0103 vorbim despre acumularea anumitor active, ne-am dori foarte mult ca aceasta s\u0103 fie o oportunitate pentru ambele p\u0103r\u021bi. \u0218ti\u021bi despre deficien\u021bele anumitor capacit\u0103\u021bi pe care le avem \u0219i \u00een\u021belegem deficien\u021bele pe care le au \u021b\u0103rile din Golf. Deci, exist\u0103 \u0219i discu\u021bii \u00een acest sens. Deocamdat\u0103 este prea devreme s\u0103 vorbim despre alte detalii. <strong>S\u0103pt\u0103m\u00e2na viitoare, c\u00e2nd exper\u021bii vor fi la fa\u021ba locului, vor evalua situa\u021bia \u0219i vor oferi asisten\u021b\u0103, deoarece vin echipa\u021bi cu capacit\u0103\u021bile necesare<\/strong>\u201d, a spus Zelenski duminic\u0103, potrivit <span><a href=\"https:\/\/www.pravda.com.ua\/eng\/news\/2026\/03\/08\/8024471\/\" target=\"_blank\" rel=\"noopener\">Ukrainska Pravda<\/a><\/span>.<\/p>\n<p id=\"p-2\">Liderul ucrainean a subliniat \u201eo oportunitate pentru ambele p\u0103r\u021bi\u201d, \u00eentruc\u00e2t Kievul sper\u0103 s\u0103 ob\u021bin\u0103, \u00een schimb, rachete pentru sistemele sale Patriot, cruciale pentru ca Ucraina s\u0103 fac\u0103 fa\u021b\u0103 atacurilor lansate de Rusia.<\/p>\n<p id=\"p-3\">Anun\u021bul f\u0103cut duminic\u0103 vine dup\u0103 ce \u00een aceast\u0103 s\u0103pt\u0103m\u00e2n\u0103, Zelenski a anun\u021bat pe re\u021belele sociale c\u0103<span><a href=\"https:\/\/www.mediafax.ro\/stirile-zilei\/volodimir-zelenski-anunta-ca-se-implica-in-razboiul-din-orientul-mijlociu-si-iranul-face-anunturi-de-ultima-ora-23698106\"> va r\u0103spunde solicit\u0103rii<\/a><\/span> de ultim moment a SUA \u00een contracararea dronelor iraniene.<\/p>\n<p id=\"p-4\">\u201eAm primit o solicitare din partea Statelor Unite pentru sprijin specific \u00een ap\u0103rarea \u00eempotriva dronelor Shahed din regiunea Orientului Mijlociu. Am ordonat s\u0103 furniz\u0103m mijloacele necesare \u0219i s\u0103 asigur\u0103m prezen\u021ba speciali\u0219tilor ucraineni, care pot garanta securitatea necesar\u0103\u201d, anun\u021ba, pe 5 martie, Zelenski.<\/p>\n","protected":false},"excerpt":{"rendered":"<p>Pre\u0219edintele ucrainean Volodimir Zelenski a f\u0103cut anun\u021bul \u00een cadrul unei conferin\u021be de pres\u0103 comune cu premierul olandez Rob Jetten. \u201eDac\u0103 vorbim despre acumularea anumitor active, ne-am dori foarte mult ca &hellip; <a href=\"https:\/\/microscopemedia.com\/?p=680715\" class=\"more-link\">Read More<\/a><\/p>\n","protected":false},"author":1,"featured_media":680716,"comment_status":"closed","ping_status":"closed","sticky":false,"template":"Default","format":"standard","meta":[],"categories":[1],"tags":[],"_links":{"self":[{"href":"https:\/\/microscopemedia.com\/index.php?rest_route=\/wp\/v2\/posts\/680715"}],"collection":[{"href":"https:\/\/microscopemedia.com\/index.php?rest_route=\/wp\/v2\/posts"}],"about":[{"href":"https:\/\/microscopemedia.com\/index.php?rest_route=\/wp\/v2\/types\/post"}],"author":[{"embeddable":true,"href":"https:\/\/microscopemedia.com\/index.php?rest_route=\/wp\/v2\/users\/1"}],"replies":[{"embeddable":true,"href":"https:\/\/microscopemedia.com\/index.php?rest_route=%2Fwp%2Fv2%2Fcomments&post=680715"}],"version-history":[{"count":0,"href":"https:\/\/microscopemedia.com\/index.php?rest_route=\/wp\/v2\/posts\/680715\/revisions"}],"wp:featuredmedia":[{"embeddable":true,"href":"https:\/\/microscopemedia.com\/index.php?rest_route=\/wp\/v2\/media\/680716"}],"wp:attachment":[{"href":"https:\/\/microscopemedia.com\/index.php?rest_route=%2Fwp%2Fv2%2Fmedia&parent=680715"}],"wp:term":[{"taxonomy":"category","embeddable":true,"href":"https:\/\/microscopemedia.com\/index.php?rest_route=%2Fwp%2Fv2%2Fcategories&post=680715"},{"taxonomy":"post_tag","embeddable":true,"href":"https:\/\/microscopemedia.com\/index.php?rest_route=%2Fwp%2Fv2%2Ftags&post=680715"}],"curies":[{"name":"wp","href":"https:\/\/api.w.org\/{rel}","templated":true}]}}