{"id":680717,"date":"2026-03-08T14:56:04","date_gmt":"2026-03-08T14:56:04","guid":{"rendered":"https:\/\/microscopemedia.com\/?p=680717"},"modified":"2026-03-08T14:56:04","modified_gmt":"2026-03-08T14:56:04","slug":"prosport-lucescu-prima-reactie-dupa-demisia-lui-charalambous-si-ratarea-play-off-ului-de-catre-fcsb-asta-ma-supara-foarte-tare","status":"publish","type":"post","link":"https:\/\/microscopemedia.com\/?p=680717","title":{"rendered":"ProSport: Lucescu, prima reac\u021bie dup\u0103 demisia lui Charalambous \u015fi ratarea play-off-ului de c\u0103tre FCSB: Asta m\u0103 sup\u0103r\u0103 foarte tare"},"content":{"rendered":"<div><img decoding=\"async\" src=\"https:\/\/microscopemedia.com\/wp-content\/uploads\/2026\/03\/prosport-lucescu-prima-reactie-dupa-demisia-lui-charalambous-si-ratarea-play-off-ului-de-catre-fcsb-asta-ma-supara-foarte-tare.jpg\" class=\"ff-og-image-inserted\"><\/div>\n<p data-start=\"175\" data-end=\"409\" id=\"p-0\">S\u00e2mb\u0103t\u0103, dup\u0103&nbsp;<strong><a href=\"https:\/\/www.prosport.ro\/fotbal-intern\/superliga\/fcsb-u-cluj-1-3-in-etapa-30-din-superliga-campioana-a-fost-umilita-in-ultima-etapa-a-sezonului-regulat-20395429\">partida dintre FCSB \u0219i U Cluj, scor 1-3,<\/a><\/strong>&nbsp;cont\u00e2nd pentru ultima etap\u0103 a sezonului regular din Superliga,&nbsp;<strong><a href=\"https:\/\/www.prosport.ro\/fotbal-intern\/superliga\/elias-charalambous-si-a-anuntat-demisia-de-la-fcsb-cineva-trebuie-sa-si-asume-vina-20395732\">Elias Charalambous a anun\u021bat<\/a><\/strong> c\u0103 se va desp\u0103r\u021bi de FCSB, l\u0103s\u00e2nd echipa pe locul 7 \u00een clasament, anun\u021b\u0103 <a href=\"https:\/\/www.prosport.ro\/fotbal-intern\/superliga\/mircea-lucescu-prima-reactie-dupa-demisia-lui-charalambous-si-ratarea-play-off-ului-de-catre-fcsb-asta-ma-supara-foarte-tare-20396088\" target=\"_blank\" rel=\"noopener\">ProSport<\/a>.<\/p>\n<h2 id=\"chapter-0\">Ce spune Mircea Lucescu despre plecarea lui Elias Charalambous de la FCSB<\/h2>\n<p id=\"p-1\">Mircea Lucescu s-a declarat sup\u0103rat din cauza degringoladei de la FCSB, dup\u0103 plecarea lui Elias Charalambous \u0219i ratarea calific\u0103rii \u00een play-off. Acesta consider\u0103 c\u0103 ar fi fost un lucru benefic inclusiv pentru na\u021bionala Rom\u00e2niei, dac\u0103 FCSB s-ar fi clasat \u00een primele \u0219ase echipe din campionat.<\/p>\n<p id=\"p-2\">\u201e(n.r. ce p\u0103rere ave\u021bi despre plecarea lui Elias Charalambous de la FCSB?) Nu vreau s\u0103 discut despre asta, pentru c\u0103 se creeaz\u0103 iar\u0103\u0219i alte\u2026 E prea important meciul cu Turcia ca s\u0103 creez o alt\u0103 atmosfer\u0103 negativ\u0103 \u00een jurul echipei na\u021bionale. Sigur c\u0103 m\u0103 sup\u0103r\u0103 foarte tare treaba asta, dar asta e! \u0102sta e fotbalul! M\u0103 sup\u0103r\u0103 faptul c\u0103 n-au reu\u0219it s\u0103 intre \u00een primele \u0219ase. Ar fi fost alt\u0103 motiva\u021bie din toate punctele de vedere \u0219i pentru meciurile noastre, \u0219i pentru meciurile lor, \u00een mod special. Dar nu e momentul s\u0103 discut despre toate lucrurile acestea\u201d, a declarat Mircea Lucescu, \u00een exclusivitate, pentru&nbsp;<a href=\"https:\/\/www.prosport.ro\/fotbal-intern\/superliga\/mircea-lucescu-prima-reactie-dupa-demisia-lui-charalambous-si-ratarea-play-off-ului-de-catre-fcsb-asta-ma-supara-foarte-tare-20396088\" target=\"_blank\" rel=\"noopener\"><strong>ProSport<\/strong><\/a>.<\/p>\n<h2 id=\"chapter-1\">Elias Charalambous: \u201eEste nevoie de un \u0219oc!\u201d<\/h2>\n<p id=\"p-3\">Dup\u0103 meciul cu U Cluj, \u00een urma c\u0103ruia \u0219i-a anun\u021bat demisia, Elias Charalambous \u0219i-a motivat decizia prin faptul c\u0103 FCSB are nevoie de un \u0219oc pentru a se redresa \u0219i a ie\u0219i din pasa negativ\u0103.<\/p>\n<p id=\"p-4\">\u201eEchipa are obiectiv s\u0103 mearg\u0103 \u00een Europa. Eu cred c\u0103 este nevoie de un \u0219oc. Este ultima mea zi aici. A fost ultimul meci. Au fost doi ani minuna\u021bi (n.r. a venit pe 30 martie 2023), dar trebuie cineva care s\u0103-\u0219i asume responsabilitatea. E un \u0219oc bun pentru echip\u0103. Cum am jucat azi (n.r. s\u00e2mb\u0103t\u0103), nu sunt \u0219anse s\u0103 mergem \u00een Europa. Nu sunt multe lucruri de spus. O poveste frumoas\u0103 care s-a terminat. Este ultima zi. F\u0103r\u0103 \u00eentreb\u0103ri \u0219i respecta\u021bi-m\u0103\u201d, a spus Elias Charalambous, la finalul partidei cu U Cluj.<\/p>\n<p id=\"p-5\">&nbsp;<\/p>\n","protected":false},"excerpt":{"rendered":"<p>S\u00e2mb\u0103t\u0103, dup\u0103&nbsp;partida dintre FCSB \u0219i U Cluj, scor 1-3,&nbsp;cont\u00e2nd pentru ultima etap\u0103 a sezonului regular din Superliga,&nbsp;Elias Charalambous a anun\u021bat c\u0103 se va desp\u0103r\u021bi de FCSB, l\u0103s\u00e2nd echipa pe locul &hellip; <a href=\"https:\/\/microscopemedia.com\/?p=680717\" class=\"more-link\">Read More<\/a><\/p>\n","protected":false},"author":1,"featured_media":680718,"comment_status":"closed","ping_status":"closed","sticky":false,"template":"Default","format":"standard","meta":[],"categories":[1],"tags":[],"_links":{"self":[{"href":"https:\/\/microscopemedia.com\/index.php?rest_route=\/wp\/v2\/posts\/680717"}],"collection":[{"href":"https:\/\/microscopemedia.com\/index.php?rest_route=\/wp\/v2\/posts"}],"about":[{"href":"https:\/\/microscopemedia.com\/index.php?rest_route=\/wp\/v2\/types\/post"}],"author":[{"embeddable":true,"href":"https:\/\/microscopemedia.com\/index.php?rest_route=\/wp\/v2\/users\/1"}],"replies":[{"embeddable":true,"href":"https:\/\/microscopemedia.com\/index.php?rest_route=%2Fwp%2Fv2%2Fcomments&post=680717"}],"version-history":[{"count":0,"href":"https:\/\/microscopemedia.com\/index.php?rest_route=\/wp\/v2\/posts\/680717\/revisions"}],"wp:featuredmedia":[{"embeddable":true,"href":"https:\/\/microscopemedia.com\/index.php?rest_route=\/wp\/v2\/media\/680718"}],"wp:attachment":[{"href":"https:\/\/microscopemedia.com\/index.php?rest_route=%2Fwp%2Fv2%2Fmedia&parent=680717"}],"wp:term":[{"taxonomy":"category","embeddable":true,"href":"https:\/\/microscopemedia.com\/index.php?rest_route=%2Fwp%2Fv2%2Fcategories&post=680717"},{"taxonomy":"post_tag","embeddable":true,"href":"https:\/\/microscopemedia.com\/index.php?rest_route=%2Fwp%2Fv2%2Ftags&post=680717"}],"curies":[{"name":"wp","href":"https:\/\/api.w.org\/{rel}","templated":true}]}}