{"id":680721,"date":"2026-03-08T15:17:04","date_gmt":"2026-03-08T15:17:04","guid":{"rendered":"https:\/\/microscopemedia.com\/?p=680721"},"modified":"2026-03-08T15:17:04","modified_gmt":"2026-03-08T15:17:04","slug":"un-mort-si-un-ranit-in-urma-unui-accident-pe-dn-6-in-giurgiu","status":"publish","type":"post","link":"https:\/\/microscopemedia.com\/?p=680721","title":{"rendered":"Un mort \u0219i un r\u0103nit \u00een urma unui accident pe DN 6, \u00een Giurgiu"},"content":{"rendered":"<p id=\"p-0\">La fa\u021ba locului s-au deplasat pompierii din cadrul Sec\u021biei Mih\u0103ile\u0219ti, Deta\u0219amentului Giurgiu \u0219i Deta\u0219amentului Bolintin Deal, cu o autospecial\u0103 de stingere dotat\u0103 cu modul de descarcerare, dou\u0103 ambulan\u021be SMURD \u0219i trei SAJ Teleorman \u0219i Giurgiu.<\/p>\n<div class=\"single__inline-gallery color-white mg-bottom-20 bg-black padding-5 md:rounded-10\">\n<div class=\"md:rounded-5 display-grid xs:grid-cols-2 grid-cols-3 gap-5\">\n<div class=\"single__inline-gallery-image relative column-span-2 row-span-2\">\n                <a href=\"https:\/\/www.mediafax.ro\/poze\/un-mort-si-un-ranit-in-urma-unui-accident-pe-dn-6-in-giurgiu-23699257\"><br \/>\n                    <img decoding=\"async\" loading=\"lazy\" src=\"https:\/\/microscopemedia.com\/wp-content\/uploads\/2026\/03\/un-mort-si-un-ranit-in-urma-unui-accident-pe-dn-6-in-giurgiu.jpg\" width=\"700\" height=\"450\"><br \/>\n                <\/a>\n                            <\/div>\n<div class=\"single__inline-gallery-image relative \">\n                <a href=\"https:\/\/www.mediafax.ro\/poze\/un-mort-si-un-ranit-in-urma-unui-accident-pe-dn-6-in-giurgiu-23699257\"><br \/>\n                    <img decoding=\"async\" loading=\"lazy\" src=\"https:\/\/microscopemedia.com\/wp-content\/uploads\/2026\/03\/un-mort-si-un-ranit-in-urma-unui-accident-pe-dn-6-in-giurgiu-1.jpg\" width=\"700\" height=\"450\"><br \/>\n                <\/a>\n                            <\/div>\n<\/p><\/div>\n<\/p><\/div>\n<p id=\"p-1\">\u0218oferii celor dou\u0103 autoturisme au fost g\u0103si\u021bi bloca\u021bi \u00een interior, unul dintre ace\u0219tia fiind \u00een stop cardio-respirator.<\/p>\n<p id=\"p-2\">Primul echipaj SAJ ajuns la caz a \u00eenceput imediat manevrele de resuscitare, \u00eens\u0103 acestea nu au avut rezultat, fiind declarat decesul b\u0103rbatului \u00een v\u00e2rst\u0103 de aproximativ 57 de ani.<\/p>\n<p id=\"p-3\">Concomitent, pompierii au ac\u021bionat pentru extragerea \u00een siguran\u021b\u0103 a celui de-al doilea \u0219ofer.Acesta a fost preluat de ambulan\u021b\u0103 \u0219i transportat la un spital din Capital\u0103.<\/p>\n<p id=\"p-4\">La fa\u021ba locului a fost monitorizat\u0103 \u0219i o pasager\u0103, care a refuzat transportul la spital.<\/p>\n<p id=\"p-5\">Pompierii au asigurat m\u0103surile de prevenire a incendiilor, iar cazul a r\u0103mas \u00een aten\u021bia Poli\u021biei pentru cercet\u0103ri.<\/p>\n","protected":false},"excerpt":{"rendered":"<p>La fa\u021ba locului s-au deplasat pompierii din cadrul Sec\u021biei Mih\u0103ile\u0219ti, Deta\u0219amentului Giurgiu \u0219i Deta\u0219amentului Bolintin Deal, cu o autospecial\u0103 de stingere dotat\u0103 cu modul de descarcerare, dou\u0103 ambulan\u021be SMURD \u0219i &hellip; <a href=\"https:\/\/microscopemedia.com\/?p=680721\" class=\"more-link\">Read More<\/a><\/p>\n","protected":false},"author":1,"featured_media":680722,"comment_status":"closed","ping_status":"closed","sticky":false,"template":"Default","format":"standard","meta":[],"categories":[1],"tags":[],"_links":{"self":[{"href":"https:\/\/microscopemedia.com\/index.php?rest_route=\/wp\/v2\/posts\/680721"}],"collection":[{"href":"https:\/\/microscopemedia.com\/index.php?rest_route=\/wp\/v2\/posts"}],"about":[{"href":"https:\/\/microscopemedia.com\/index.php?rest_route=\/wp\/v2\/types\/post"}],"author":[{"embeddable":true,"href":"https:\/\/microscopemedia.com\/index.php?rest_route=\/wp\/v2\/users\/1"}],"replies":[{"embeddable":true,"href":"https:\/\/microscopemedia.com\/index.php?rest_route=%2Fwp%2Fv2%2Fcomments&post=680721"}],"version-history":[{"count":0,"href":"https:\/\/microscopemedia.com\/index.php?rest_route=\/wp\/v2\/posts\/680721\/revisions"}],"wp:featuredmedia":[{"embeddable":true,"href":"https:\/\/microscopemedia.com\/index.php?rest_route=\/wp\/v2\/media\/680722"}],"wp:attachment":[{"href":"https:\/\/microscopemedia.com\/index.php?rest_route=%2Fwp%2Fv2%2Fmedia&parent=680721"}],"wp:term":[{"taxonomy":"category","embeddable":true,"href":"https:\/\/microscopemedia.com\/index.php?rest_route=%2Fwp%2Fv2%2Fcategories&post=680721"},{"taxonomy":"post_tag","embeddable":true,"href":"https:\/\/microscopemedia.com\/index.php?rest_route=%2Fwp%2Fv2%2Ftags&post=680721"}],"curies":[{"name":"wp","href":"https:\/\/api.w.org\/{rel}","templated":true}]}}