{"id":680723,"date":"2026-03-08T15:36:04","date_gmt":"2026-03-08T15:36:04","guid":{"rendered":"https:\/\/microscopemedia.com\/?p=680723"},"modified":"2026-03-08T15:36:04","modified_gmt":"2026-03-08T15:36:04","slug":"un-ucrainean-a-fugit-de-razboi-cu-un-aparat-de-zbor-de-mici-dimensiuni-si-a-aterizat-la-suceava","status":"publish","type":"post","link":"https:\/\/microscopemedia.com\/?p=680723","title":{"rendered":"Un ucrainean a fugit de r\u0103zboi cu un aparat de zbor de mici dimensiuni \u0219i a aterizat la Suceava"},"content":{"rendered":"<p id=\"p-0\">Poli\u021bi\u0219tii de frontier\u0103 din cadrul ITPF Sighetu Marma\u021biei au fost informa\u021bi, duminic\u0103, \u00een jurul orei 10.30, despre identificarea, de c\u0103tre lucr\u0103torii Sec\u021biei 4 Poli\u021bie Rural\u0103 G\u0103l\u0103ne\u0219ti, a unui cet\u0103\u021bean ucrainean care a trecut frontiera de stat din Ucraina \u00een Rom\u00e2nia la bordul unui aparat de zbor de mici dimensiuni.<\/p>\n<div class=\"single__inline-gallery color-white mg-bottom-20 bg-black padding-5 md:rounded-10\">\n<div class=\"md:rounded-5 display-grid xs:grid-cols-2 grid-cols-3 gap-5\">\n<div class=\"single__inline-gallery-image relative column-span-2 row-span-2\">\n                <a href=\"https:\/\/www.mediafax.ro\/poze\/un-ucrainean-a-fugit-de-razboi-cu-un-aparat-de-zbor-de-mici-dimensiuni-si-a-aterizat-la-suceava-23699248\"><br \/>\n                    <img decoding=\"async\" loading=\"lazy\" src=\"https:\/\/microscopemedia.com\/wp-content\/uploads\/2026\/03\/un-ucrainean-a-fugit-de-razboi-cu-un-aparat-de-zbor-de-mici-dimensiuni-si-a-aterizat-la-suceava.jpg\" width=\"700\" height=\"450\"><br \/>\n                <\/a>\n                            <\/div>\n<div class=\"single__inline-gallery-image relative \">\n                <a href=\"https:\/\/www.mediafax.ro\/poze\/un-ucrainean-a-fugit-de-razboi-cu-un-aparat-de-zbor-de-mici-dimensiuni-si-a-aterizat-la-suceava-23699248\"><br \/>\n                    <img decoding=\"async\" loading=\"lazy\" src=\"https:\/\/microscopemedia.com\/wp-content\/uploads\/2026\/03\/un-ucrainean-a-fugit-de-razboi-cu-un-aparat-de-zbor-de-mici-dimensiuni-si-a-aterizat-la-suceava-1.jpg\" width=\"700\" height=\"450\"><br \/>\n                <\/a>\n                            <\/div>\n<\/p><\/div>\n<\/p><\/div>\n<p id=\"p-1\">Evenimentul s-a produs pe raza localit\u0103\u021bii Fr\u0103t\u0103u\u021bii Vechi, jude\u021bul Suceava.<\/p>\n<p id=\"p-2\">\u00cen urma sesiz\u0103rii, au fost informa\u021bi poli\u021bi\u0219tii de frontier\u0103 din cadrul Sectorului Poli\u021biei de Frontier\u0103 Vicovu de Sus, care s-au deplasat de urgen\u021b\u0103 la fa\u021ba locului.<\/p>\n<p id=\"p-3\">\u00cen urma cercet\u0103rilor efectuate la fa\u021ba locului, \u00een cooperare cu poli\u021bi\u0219tii de frontier\u0103 din cadrul STPF Suceava, a fost identificat cet\u0103\u021beanul ucrainean care avea asupra sa un pa\u0219aport biometric eliberat de autorit\u0103\u021bile ucrainene.<\/p>\n<p id=\"p-4\">Este vorba de un b\u0103rbat \u00een v\u00e2rst\u0103 de 31 de ani, care a solicitat o form\u0103 de protec\u021bie temporar\u0103 \u00een Rom\u00e2nia, pe fondul conflictului armat din Ucraina.<\/p>\n<p id=\"p-5\">Totodat\u0103, \u00een gr\u0103dina din spatele unei locuin\u021be din localitatea Fr\u0103t\u0103u\u021bii Vechi a fost identificat \u0219i aparatul de zbor de mici dimensiuni cu care acesta a trecut frontiera.<\/p>\n<p id=\"p-6\">Autorit\u0103\u021bile de frontier\u0103 ucrainene au fost informate prin Punctul de Contact Porubne, iar b\u0103rbatul a fost dus la sediul Sectorului Poli\u021biei de Frontier\u0103 Vicovu de Sus pentru continuarea cercet\u0103rilor.<\/p>\n<p id=\"p-7\">\u00cen urma verific\u0103rilor efectuate \u00een bazele de date, s-a constatat c\u0103 b\u0103rbatul nu figureaz\u0103 ca fiind intrat legal \u00een Rom\u00e2nia.<\/p>\n<p id=\"p-8\">\u00cen cauz\u0103 a fost \u00eentocmit dosar penal sub aspectul s\u0103v\u00e2r\u0219irii infrac\u021biunilor de \u201etrecere frauduloas\u0103 a frontierei de stat\u201d, fapt\u0103 prev\u0103zut\u0103 \u0219i pedepsit\u0103 de art. 262 alin. 1 din Codul Penal, precum \u0219i \u201epilotarea unei aeronave de c\u0103tre o persoan\u0103 care nu posed\u0103 documentele de certificare necesare\u201d, fapt\u0103 prev\u0103zut\u0103 \u0219i pedepsit\u0103 de art. 115 alin. 1 din Codul Aerian.<\/p>\n<p id=\"p-9\">Cercet\u0103rile sunt efectuate sub coordonarea procurorului de caz din cadrul Cur\u021bii de Apel Suceava.<\/p>\n<p id=\"p-10\">&nbsp;<\/p>\n","protected":false},"excerpt":{"rendered":"<p>Poli\u021bi\u0219tii de frontier\u0103 din cadrul ITPF Sighetu Marma\u021biei au fost informa\u021bi, duminic\u0103, \u00een jurul orei 10.30, despre identificarea, de c\u0103tre lucr\u0103torii Sec\u021biei 4 Poli\u021bie Rural\u0103 G\u0103l\u0103ne\u0219ti, a unui cet\u0103\u021bean ucrainean &hellip; <a href=\"https:\/\/microscopemedia.com\/?p=680723\" class=\"more-link\">Read More<\/a><\/p>\n","protected":false},"author":1,"featured_media":680724,"comment_status":"closed","ping_status":"closed","sticky":false,"template":"Default","format":"standard","meta":[],"categories":[1],"tags":[],"_links":{"self":[{"href":"https:\/\/microscopemedia.com\/index.php?rest_route=\/wp\/v2\/posts\/680723"}],"collection":[{"href":"https:\/\/microscopemedia.com\/index.php?rest_route=\/wp\/v2\/posts"}],"about":[{"href":"https:\/\/microscopemedia.com\/index.php?rest_route=\/wp\/v2\/types\/post"}],"author":[{"embeddable":true,"href":"https:\/\/microscopemedia.com\/index.php?rest_route=\/wp\/v2\/users\/1"}],"replies":[{"embeddable":true,"href":"https:\/\/microscopemedia.com\/index.php?rest_route=%2Fwp%2Fv2%2Fcomments&post=680723"}],"version-history":[{"count":0,"href":"https:\/\/microscopemedia.com\/index.php?rest_route=\/wp\/v2\/posts\/680723\/revisions"}],"wp:featuredmedia":[{"embeddable":true,"href":"https:\/\/microscopemedia.com\/index.php?rest_route=\/wp\/v2\/media\/680724"}],"wp:attachment":[{"href":"https:\/\/microscopemedia.com\/index.php?rest_route=%2Fwp%2Fv2%2Fmedia&parent=680723"}],"wp:term":[{"taxonomy":"category","embeddable":true,"href":"https:\/\/microscopemedia.com\/index.php?rest_route=%2Fwp%2Fv2%2Fcategories&post=680723"},{"taxonomy":"post_tag","embeddable":true,"href":"https:\/\/microscopemedia.com\/index.php?rest_route=%2Fwp%2Fv2%2Ftags&post=680723"}],"curies":[{"name":"wp","href":"https:\/\/api.w.org\/{rel}","templated":true}]}}