{"id":680731,"date":"2026-03-08T16:26:03","date_gmt":"2026-03-08T16:26:03","guid":{"rendered":"https:\/\/microscopemedia.com\/?p=680731"},"modified":"2026-03-08T16:26:03","modified_gmt":"2026-03-08T16:26:03","slug":"papa-leon-face-apel-la-incetarea-bombardamentelor-din-orientul-mijlociu","status":"publish","type":"post","link":"https:\/\/microscopemedia.com\/?p=680731","title":{"rendered":"Papa Leon face apel la \u00eencetarea bombardamentelor din Orientul Mijlociu"},"content":{"rendered":"<div><img decoding=\"async\" src=\"https:\/\/microscopemedia.com\/wp-content\/uploads\/2026\/03\/papa-leon-face-apel-la-incetarea-bombardamentelor-din-orientul-mijlociu.jpg\" class=\"ff-og-image-inserted\"><\/div>\n<p id=\"p-0\">Papa Leon al XIV-lea a \u00eendemnat, duminic\u0103, la \u00eencetarea bombardamentelor \u0219i a solicitat revenirea la dialog \u00een contextul violen\u021belor din Iran \u0219i Orientul Mijlociu.<\/p>\n<p id=\"p-1\">\u00cen cadrul rug\u0103ciunii Angelus din Pia\u021ba Sf\u00e2ntul Petru de duminic\u0103, Papa Leon a afirmat c\u0103 r\u0103zboiul din Orientul Mijlociu alimenteaz\u0103 frica \u0219i ura \u0219i s-a declarat \u00eengrijorat c\u0103 situa\u021bia conflictual\u0103 s-ar putea extinde, implic\u00e2nd \u0219i alte \u021b\u0103ri aflate \u00een vecin\u0103tate.<\/p>\n<p id=\"p-2\">\u201ePe l\u00e2ng\u0103 episoadele de violen\u021b\u0103 \u0219i devastare \u0219i climatul generalizat de ur\u0103 \u0219i fric\u0103, exist\u0103 \u0219i \u00eengrijorarea cresc\u00e2nd\u0103 c\u0103 conflictul s-ar putea extinde \u0219i c\u0103 alte \u021b\u0103ri din regiune, inclusiv dragul Liban, ar putea c\u0103dea din nou \u00een instabilitate\u201d, a spus Papa Leon, potrivit <span><a href=\"https:\/\/www.reuters.com\/world\/europe\/pope-leo-urges-end-bombing-calls-dialogue-amid-iran-middle-east-violence-2026-03-08\/\" target=\"_blank\" rel=\"noopener\">Reuters<\/a><\/span>.<\/p>\n<p id=\"p-3\">\u201eS\u0103 ne ridic\u0103m rug\u0103ciunea umil\u0103 c\u0103tre Domnul ca zgomotul bombelor s\u0103 \u00eenceteze, ca armele s\u0103 tac\u0103 \u0219i ca spa\u021biul s\u0103 se deschid\u0103 pentru dialog, \u00een care vocile popoarelor s\u0103 poat\u0103 fi auzite\u201d, a completat Suveranul Pontif.<\/p>\n<p id=\"p-4\">Papa Leon al XIV-lea a lansat apeluri la \u00eencetarea focului \u0219i \u00een leg\u0103tur\u0103 cu celelalte mari conflicte actuale, respectiv r\u0103zboiul Rusiei \u00een Ucraina \u0219i cel al Israelului \u00een Gaza.<\/p>\n","protected":false},"excerpt":{"rendered":"<p>Papa Leon al XIV-lea a \u00eendemnat, duminic\u0103, la \u00eencetarea bombardamentelor \u0219i a solicitat revenirea la dialog \u00een contextul violen\u021belor din Iran \u0219i Orientul Mijlociu. \u00cen cadrul rug\u0103ciunii Angelus din Pia\u021ba &hellip; <a href=\"https:\/\/microscopemedia.com\/?p=680731\" class=\"more-link\">Read More<\/a><\/p>\n","protected":false},"author":1,"featured_media":680732,"comment_status":"closed","ping_status":"closed","sticky":false,"template":"Default","format":"standard","meta":[],"categories":[1],"tags":[],"_links":{"self":[{"href":"https:\/\/microscopemedia.com\/index.php?rest_route=\/wp\/v2\/posts\/680731"}],"collection":[{"href":"https:\/\/microscopemedia.com\/index.php?rest_route=\/wp\/v2\/posts"}],"about":[{"href":"https:\/\/microscopemedia.com\/index.php?rest_route=\/wp\/v2\/types\/post"}],"author":[{"embeddable":true,"href":"https:\/\/microscopemedia.com\/index.php?rest_route=\/wp\/v2\/users\/1"}],"replies":[{"embeddable":true,"href":"https:\/\/microscopemedia.com\/index.php?rest_route=%2Fwp%2Fv2%2Fcomments&post=680731"}],"version-history":[{"count":0,"href":"https:\/\/microscopemedia.com\/index.php?rest_route=\/wp\/v2\/posts\/680731\/revisions"}],"wp:featuredmedia":[{"embeddable":true,"href":"https:\/\/microscopemedia.com\/index.php?rest_route=\/wp\/v2\/media\/680732"}],"wp:attachment":[{"href":"https:\/\/microscopemedia.com\/index.php?rest_route=%2Fwp%2Fv2%2Fmedia&parent=680731"}],"wp:term":[{"taxonomy":"category","embeddable":true,"href":"https:\/\/microscopemedia.com\/index.php?rest_route=%2Fwp%2Fv2%2Fcategories&post=680731"},{"taxonomy":"post_tag","embeddable":true,"href":"https:\/\/microscopemedia.com\/index.php?rest_route=%2Fwp%2Fv2%2Ftags&post=680731"}],"curies":[{"name":"wp","href":"https:\/\/api.w.org\/{rel}","templated":true}]}}