{"id":680743,"date":"2026-03-08T17:46:04","date_gmt":"2026-03-08T17:46:04","guid":{"rendered":"https:\/\/microscopemedia.com\/?p=680743"},"modified":"2026-03-08T17:46:04","modified_gmt":"2026-03-08T17:46:04","slug":"convorbire-telefonica-intre-keir-starmer-si-donald-trump-despre-ce-au-vorbit-cei-doi","status":"publish","type":"post","link":"https:\/\/microscopemedia.com\/?p=680743","title":{"rendered":"Convorbire telefonic\u0103 \u00eentre Keir Starmer \u0219i Donald Trump. Despre ce au vorbit cei doi"},"content":{"rendered":"<div><img decoding=\"async\" src=\"https:\/\/microscopemedia.com\/wp-content\/uploads\/2026\/03\/convorbire-telefonica-intre-keir-starmer-si-donald-trump-despre-ce-au-vorbit-cei-doi.jpg\" class=\"ff-og-image-inserted\"><\/div>\n<p id=\"p-0\">Pre\u0219edintele SUA, Donald Trump, \u0219i premierul britanic Keir Starmer au purtat, duminic\u0103, o convorbire telefonic\u0103 la c\u00e2teva ore dup\u0103 ultimele critici aduse de liderul de la Casa Alb\u0103 la adresa prim-ministrului.<\/p>\n<p id=\"p-1\">Potrivit unui purt\u0103tor de cuv\u00e2nt al Downing Street, discu\u021biile dintre cei doi au vizat situa\u021bia din Orientul Mijlociu, dar \u0219i cooperarea militar\u0103 dintre Marea Britanie \u0219i SUA, scrie <span><a href=\"https:\/\/www.reuters.com\/business\/aerospace-defense\/uks-starmer-speaks-with-us-president-trump-middle-east-2026-03-08\/\" target=\"_blank\" rel=\"noopener\">Reuters<\/a><\/span>.<\/p>\n<p id=\"p-2\">\u201eLiderii au \u00eenceput prin a discuta despre ultima situa\u021bie din Orientul Mijlociu \u0219i cooperarea militar\u0103 dintre Marea Britanie \u0219i SUA prin utilizarea bazelor RAF \u00een sprijinul autoap\u0103r\u0103rii colective a partenerilor din regiune. Prim-ministrul \u0219i-a exprimat, de asemenea, condolean\u021bele sincere pre\u0219edintelui Trump \u0219i poporului american \u00een urma mor\u021bii a \u0219ase solda\u021bi americani\u201d, se arat\u0103 \u00een anun\u021bul oficial.<\/p>\n<h2 id=\"chapter-0\">Donald Trump, critic la adresa lui Starmer<\/h2>\n<p id=\"p-3\">Recent, <span><a href=\"https:\/\/www.mediafax.ro\/externe\/donald-trump-ii-transmite-premierului-marii-britanii-nu-avem-nevoie-ca-oamenii-sa-se-alature-razboaielor-cand-noi-deja-am-castigat-23699083\" target=\"_blank\" rel=\"noopener\">Donald Trump<\/a><\/span> a lansat numeroase atacuri \u00eempotriva Regatului Unit, pe care \u00eel consider\u0103 \u201efoarte necooperant\u201d \u00een contextul ofensivei americano-israeliene \u00eempotriva Iranului.<\/p>\n<p id=\"p-4\">S\u00e2mb\u0103t\u0103, \u00een cadrul unei post\u0103ri pe Truth Social, Trump a anun\u021bat c\u0103 \u201enu este nevoie\u201d ca Marea Britanie s\u0103 desf\u0103\u0219oare un portavion \u00een Orientul Mijlociu.<\/p>\n<p id=\"p-5\">\u201eRegatul Unit \u201eia \u00een sf\u00e2r\u0219it \u00een serios \u00een vedere trimiterea a dou\u0103 portavioane \u00een Orientul Mijlociu. Asta e tot, domnule prim-ministru Starmer, nu mai avem nevoie de ele\u201d, a scris pre\u0219edintele SUA pe contul s\u0103u de Truth Social, potrivit <a href=\"https:\/\/www.lefigaro.fr\/international\/en-direct-guerre-au-moyen-orient-la-marine-iranienne-dit-avoir-lance-une-vague-massive-d-attaques-de-drones-contre-les-forces-americaines-20260307#07-03-2026-23-05-22\" target=\"_blank\" rel=\"noopener\">Le Figaro<\/a>. \u201eDar ne vom aminti de asta. Nu avem nevoie ca oamenii s\u0103 se al\u0103ture r\u0103zboaielor c\u00e2nd noi am deja c\u00e2\u0219tigat\u201d, a mai spus Trump.<\/p>\n<p id=\"p-6\">Convorbirea dintre cei doi a avut loc \u00een contextul \u00een care patru bombardiere americane au aterizat, duminic\u0103 dup\u0103-amiaz\u0103, la o baz\u0103 RAF din Marea Britanie pentru a desf\u0103\u0219ura \u201eopera\u021biuni defensive specifice\u201d menite s\u0103 \u00eempiedice Iranul s\u0103 lanseze rachete \u00een Orientul Mijlociu.<\/p>\n","protected":false},"excerpt":{"rendered":"<p>Pre\u0219edintele SUA, Donald Trump, \u0219i premierul britanic Keir Starmer au purtat, duminic\u0103, o convorbire telefonic\u0103 la c\u00e2teva ore dup\u0103 ultimele critici aduse de liderul de la Casa Alb\u0103 la adresa &hellip; <a href=\"https:\/\/microscopemedia.com\/?p=680743\" class=\"more-link\">Read More<\/a><\/p>\n","protected":false},"author":1,"featured_media":680744,"comment_status":"closed","ping_status":"closed","sticky":false,"template":"Default","format":"standard","meta":[],"categories":[1],"tags":[],"_links":{"self":[{"href":"https:\/\/microscopemedia.com\/index.php?rest_route=\/wp\/v2\/posts\/680743"}],"collection":[{"href":"https:\/\/microscopemedia.com\/index.php?rest_route=\/wp\/v2\/posts"}],"about":[{"href":"https:\/\/microscopemedia.com\/index.php?rest_route=\/wp\/v2\/types\/post"}],"author":[{"embeddable":true,"href":"https:\/\/microscopemedia.com\/index.php?rest_route=\/wp\/v2\/users\/1"}],"replies":[{"embeddable":true,"href":"https:\/\/microscopemedia.com\/index.php?rest_route=%2Fwp%2Fv2%2Fcomments&post=680743"}],"version-history":[{"count":0,"href":"https:\/\/microscopemedia.com\/index.php?rest_route=\/wp\/v2\/posts\/680743\/revisions"}],"wp:featuredmedia":[{"embeddable":true,"href":"https:\/\/microscopemedia.com\/index.php?rest_route=\/wp\/v2\/media\/680744"}],"wp:attachment":[{"href":"https:\/\/microscopemedia.com\/index.php?rest_route=%2Fwp%2Fv2%2Fmedia&parent=680743"}],"wp:term":[{"taxonomy":"category","embeddable":true,"href":"https:\/\/microscopemedia.com\/index.php?rest_route=%2Fwp%2Fv2%2Fcategories&post=680743"},{"taxonomy":"post_tag","embeddable":true,"href":"https:\/\/microscopemedia.com\/index.php?rest_route=%2Fwp%2Fv2%2Ftags&post=680743"}],"curies":[{"name":"wp","href":"https:\/\/api.w.org\/{rel}","templated":true}]}}