{"id":680745,"date":"2026-03-08T18:06:04","date_gmt":"2026-03-08T18:06:04","guid":{"rendered":"https:\/\/microscopemedia.com\/?p=680745"},"modified":"2026-03-08T18:06:04","modified_gmt":"2026-03-08T18:06:04","slug":"proteste-in-marile-orase-europene-de-ziua-femeii-manifestantii-cer-incetarea-inegalitatii-si-a-violentei-de-gen","status":"publish","type":"post","link":"https:\/\/microscopemedia.com\/?p=680745","title":{"rendered":"Proteste \u00een marile ora\u0219e europene de Ziua Femeii. Manifestan\u021bii cer \u00eencetarea inegalit\u0103\u021bii \u0219i a violen\u021bei de gen"},"content":{"rendered":"<p id=\"p-0\">Mii de oameni au ie\u0219it duminic\u0103, de Ziua Interna\u021bional\u0103 a Femeii, pe str\u0103zile din mai multe mari ora\u0219e europene, participan\u021bii la manifesta\u021bii cer\u00e2nd \u00eencetarea inegalit\u0103\u021bii \u0219i a violen\u021bei de gen.<\/p>\n<div class=\"single__inline-gallery color-white mg-bottom-20 bg-black padding-5 md:rounded-10\">\n<div class=\"md:rounded-5 display-grid xs:grid-cols-2 grid-cols-3 gap-5\">\n<div class=\"single__inline-gallery-image relative column-span-2 row-span-2\">\n                <a href=\"https:\/\/www.mediafax.ro\/poze\/proteste-in-marile-orase-europene-de-ziua-femeii-manifestantii-cer-incetarea-inegalitatii-si-a-violentei-de-gen-23699296\"><br \/>\n                    <img decoding=\"async\" loading=\"lazy\" src=\"https:\/\/microscopemedia.com\/wp-content\/uploads\/2026\/03\/proteste-in-marile-orase-europene-de-ziua-femeii-manifestantii-cer-incetarea-inegalitatii-si-a-violentei-de-gen.jpg\" width=\"700\" height=\"450\"><br \/>\n                <\/a>\n                            <\/div>\n<div class=\"single__inline-gallery-image relative \">\n                <a href=\"https:\/\/www.mediafax.ro\/poze\/proteste-in-marile-orase-europene-de-ziua-femeii-manifestantii-cer-incetarea-inegalitatii-si-a-violentei-de-gen-23699296\"><br \/>\n                    <img decoding=\"async\" loading=\"lazy\" src=\"https:\/\/microscopemedia.com\/wp-content\/uploads\/2026\/03\/proteste-in-marile-orase-europene-de-ziua-femeii-manifestantii-cer-incetarea-inegalitatii-si-a-violentei-de-gen-1.jpg\" width=\"700\" height=\"450\"><br \/>\n                <\/a>\n                            <\/div>\n<\/p><\/div>\n<\/p><\/div>\n<p id=\"p-1\">Femeile au protestat \u0219i pentru un acces mai bun la servicii medicale specifice de gen, pentru egalitate salarial\u0103, dar \u0219i pentru tratament echitabil \u00een orice domeniu, relateaz\u0103 <span><a href=\"https:\/\/www.euronews.com\/my-europe\/2026\/03\/08\/europe-marks-international-womens-day-in-a-context-of-increasing-global-conflict\" target=\"_blank\" rel=\"noopener\">Euronews<\/a><\/span>.<\/p>\n<p id=\"p-2\">\u00cen Berlin, aproximativ 20.000 de persoane au participat la mar\u0219ul organizat cu ocazia Zilei Interna\u021bionale a Femeii. Manifestan\u021bii au condamnat violen\u021ba \u00eempotriva femeilor \u00een Germania, dar \u0219i discriminarea de gen.<\/p>\n<p id=\"p-3\">Mii de oameni au ie\u0219it \u0219i pe str\u0103zile din marile ora\u0219e din Spania. \u00cen Barcelona, peste 22.000 de persoane au cerut egalitate \u015fi \u00eencetarea violen\u0163ei, iar manifesta\u021bii au avut loc \u0219i \u00een&nbsp;Madrid, Barcelona, Valencia, Sevilla, Granada, Bilbao \u0219i San Sebastian.<\/p>\n<p id=\"p-4\">\u201eNu r\u0103zboiului\u201d \u0219i \u201eFeministele antifasciste \u00eempotriva r\u0103zboiului imperialist\u201d au fost printre sloganurile scrise pe pancartele protestatarilor.<\/p>\n<p id=\"p-5\">Cei care au luat parte la manifesta\u021bii \u0219i-au exprimat solidaritatea cu femeile afectate de r\u0103zboiul din Ucraina, Iran, Gaza \u0219i din alte p\u0103r\u021bi, mai relev\u0103 sursa citat\u0103.<\/p>\n<p id=\"p-6\">Ziua Interna\u021bional\u0103 a Femeii a fost recunoscut\u0103 de ONU \u00een 1977 \u0219i este o s\u0103rb\u0103toare global\u0103 marcat\u0103 de demonstra\u021bii, \u00een mare parte ale femeilor, \u00een \u00eentreaga lume, de la proteste combative la curse caritabile.<\/p>\n","protected":false},"excerpt":{"rendered":"<p>Mii de oameni au ie\u0219it duminic\u0103, de Ziua Interna\u021bional\u0103 a Femeii, pe str\u0103zile din mai multe mari ora\u0219e europene, participan\u021bii la manifesta\u021bii cer\u00e2nd \u00eencetarea inegalit\u0103\u021bii \u0219i a violen\u021bei de gen. &hellip; <a href=\"https:\/\/microscopemedia.com\/?p=680745\" class=\"more-link\">Read More<\/a><\/p>\n","protected":false},"author":1,"featured_media":680746,"comment_status":"closed","ping_status":"closed","sticky":false,"template":"Default","format":"standard","meta":[],"categories":[1],"tags":[],"_links":{"self":[{"href":"https:\/\/microscopemedia.com\/index.php?rest_route=\/wp\/v2\/posts\/680745"}],"collection":[{"href":"https:\/\/microscopemedia.com\/index.php?rest_route=\/wp\/v2\/posts"}],"about":[{"href":"https:\/\/microscopemedia.com\/index.php?rest_route=\/wp\/v2\/types\/post"}],"author":[{"embeddable":true,"href":"https:\/\/microscopemedia.com\/index.php?rest_route=\/wp\/v2\/users\/1"}],"replies":[{"embeddable":true,"href":"https:\/\/microscopemedia.com\/index.php?rest_route=%2Fwp%2Fv2%2Fcomments&post=680745"}],"version-history":[{"count":0,"href":"https:\/\/microscopemedia.com\/index.php?rest_route=\/wp\/v2\/posts\/680745\/revisions"}],"wp:featuredmedia":[{"embeddable":true,"href":"https:\/\/microscopemedia.com\/index.php?rest_route=\/wp\/v2\/media\/680746"}],"wp:attachment":[{"href":"https:\/\/microscopemedia.com\/index.php?rest_route=%2Fwp%2Fv2%2Fmedia&parent=680745"}],"wp:term":[{"taxonomy":"category","embeddable":true,"href":"https:\/\/microscopemedia.com\/index.php?rest_route=%2Fwp%2Fv2%2Fcategories&post=680745"},{"taxonomy":"post_tag","embeddable":true,"href":"https:\/\/microscopemedia.com\/index.php?rest_route=%2Fwp%2Fv2%2Ftags&post=680745"}],"curies":[{"name":"wp","href":"https:\/\/api.w.org\/{rel}","templated":true}]}}