{"id":680747,"date":"2026-03-08T18:27:04","date_gmt":"2026-03-08T18:27:04","guid":{"rendered":"https:\/\/microscopemedia.com\/?p=680747"},"modified":"2026-03-08T18:27:04","modified_gmt":"2026-03-08T18:27:04","slug":"explozia-de-la-ambasada-sua-din-oslo-ar-putea-fi-un-atac-deliberat-anunta-politia-norvegiana","status":"publish","type":"post","link":"https:\/\/microscopemedia.com\/?p=680747","title":{"rendered":"Explozia de la ambasada SUA din Oslo ar putea fi un atac deliberat, anun\u021b\u0103 poli\u021bia norvegian\u0103"},"content":{"rendered":"<div><img decoding=\"async\" src=\"https:\/\/microscopemedia.com\/wp-content\/uploads\/2026\/03\/explozia-de-la-ambasada-sua-din-oslo-ar-putea-fi-un-atac-deliberat-anunta-politia-norvegiana.png\" class=\"ff-og-image-inserted\"><\/div>\n<p id=\"p-0\">Explozia din fa\u021ba Ambasadei SUA din Oslo, care a avut loc \u00een noaptea de s\u00e2mb\u0103t\u0103 spre duminic\u0103, ar putea fi un atac deliberat legat de \u201esitua\u021bia actual\u0103 de securitate\u201d, a anun\u021bat poli\u021bia norvegian\u0103, relateaz\u0103 <span><a href=\"https:\/\/www.nbcnews.com\/world\/europe\/no-injuries-reported-explosion-us-embassy-oslo-police-say-rcna262282\" target=\"_blank\" rel=\"noopener\">NBC News<\/a><\/span>.<\/p>\n<p id=\"p-1\">\u00cen urma exploziei au fost \u00eenregistrate pagube minore, \u00eens\u0103 nimeni nu a fost r\u0103nit.<\/p>\n<p id=\"p-2\">\u201eUna dintre ipoteze este c\u0103 ar fi vorba de un act de terorism, dar nu suntem complet siguri de acest lucru\u201d, a declarat Frode Larsen, \u0219eful unit\u0103\u021bii comune de investiga\u021bii \u0219i informa\u021bii a poli\u021biei, pentru postul public de televiziune norvegian NRK, scrie<span><a href=\"https:\/\/www.bbc.com\/news\/articles\/c5yjegg892lo\" target=\"_blank\" rel=\"noopener\"> BBC<\/a><\/span>.<\/p>\n<p id=\"p-3\">De asemenea, oficialul norvegian a afirmat pentru postul public de televiziune c\u0103 \u201etrebuie s\u0103 fim deschi\u0219i la posibilitatea ca \u00een spatele a ceea ce s-a \u00eent\u00e2mplat s\u0103 existe \u0219i alte cauze\u201d.<\/p>\n<p id=\"p-4\">Momentan, nimeni nu a fost arestat \u00een leg\u0103tur\u0103 cu incidentul, dar poli\u021bia caut\u0103 unul sau mai mul\u021bi f\u0103pta\u0219i \u0219i coopereaz\u0103 str\u00e2ns cu ambasada, a spus Larsen.<\/p>\n<p id=\"p-5\">Autorit\u0103\u021bile norvegiene au catalogat evenimentul ca fiind \u201einacceptabil\u201d, iar ministrul de externe Espen Barth Eide a subliniat faptul c\u0103 \u201esecuritatea misiunilor diplomatice este foarte important\u0103 pentru noi\u201d.<\/p>\n<p id=\"p-6\"><span><a href=\"https:\/\/www.mediafax.ro\/externe\/explozie-in-fata-ambasadei-sua-din-oslo-23699108\">Explozia<\/a><\/span> a avut loc \u00een jurul orei locale 1:00 \u0219i s-a produs la intrarea \u00een sec\u021bia consular\u0103.<\/p>\n","protected":false},"excerpt":{"rendered":"<p>Explozia din fa\u021ba Ambasadei SUA din Oslo, care a avut loc \u00een noaptea de s\u00e2mb\u0103t\u0103 spre duminic\u0103, ar putea fi un atac deliberat legat de \u201esitua\u021bia actual\u0103 de securitate\u201d, a &hellip; <a href=\"https:\/\/microscopemedia.com\/?p=680747\" class=\"more-link\">Read More<\/a><\/p>\n","protected":false},"author":1,"featured_media":680748,"comment_status":"closed","ping_status":"closed","sticky":false,"template":"Default","format":"standard","meta":[],"categories":[1],"tags":[],"_links":{"self":[{"href":"https:\/\/microscopemedia.com\/index.php?rest_route=\/wp\/v2\/posts\/680747"}],"collection":[{"href":"https:\/\/microscopemedia.com\/index.php?rest_route=\/wp\/v2\/posts"}],"about":[{"href":"https:\/\/microscopemedia.com\/index.php?rest_route=\/wp\/v2\/types\/post"}],"author":[{"embeddable":true,"href":"https:\/\/microscopemedia.com\/index.php?rest_route=\/wp\/v2\/users\/1"}],"replies":[{"embeddable":true,"href":"https:\/\/microscopemedia.com\/index.php?rest_route=%2Fwp%2Fv2%2Fcomments&post=680747"}],"version-history":[{"count":0,"href":"https:\/\/microscopemedia.com\/index.php?rest_route=\/wp\/v2\/posts\/680747\/revisions"}],"wp:featuredmedia":[{"embeddable":true,"href":"https:\/\/microscopemedia.com\/index.php?rest_route=\/wp\/v2\/media\/680748"}],"wp:attachment":[{"href":"https:\/\/microscopemedia.com\/index.php?rest_route=%2Fwp%2Fv2%2Fmedia&parent=680747"}],"wp:term":[{"taxonomy":"category","embeddable":true,"href":"https:\/\/microscopemedia.com\/index.php?rest_route=%2Fwp%2Fv2%2Fcategories&post=680747"},{"taxonomy":"post_tag","embeddable":true,"href":"https:\/\/microscopemedia.com\/index.php?rest_route=%2Fwp%2Fv2%2Ftags&post=680747"}],"curies":[{"name":"wp","href":"https:\/\/api.w.org\/{rel}","templated":true}]}}