{"id":680769,"date":"2026-03-08T21:56:03","date_gmt":"2026-03-08T21:56:03","guid":{"rendered":"https:\/\/microscopemedia.com\/?p=680769"},"modified":"2026-03-08T21:56:03","modified_gmt":"2026-03-08T21:56:03","slug":"fiul-lui-khamenei-este-noul-lider-suprem-al-iranului","status":"publish","type":"post","link":"https:\/\/microscopemedia.com\/?p=680769","title":{"rendered":"Fiul lui Khamenei este noul lider suprem al Iranului"},"content":{"rendered":"<div><img decoding=\"async\" src=\"https:\/\/microscopemedia.com\/wp-content\/uploads\/2026\/03\/fiul-lui-khamenei-este-noul-lider-suprem-al-iranului.jpg\" class=\"ff-og-image-inserted\"><\/div>\n<p id=\"p-0\">Fiul lui Khamenei, Mojtaba Khamenei, a fost desemnat de Adunarea Exper\u021bilor din Iran, un organism format din 88 de clerici ale\u0219i, \u00eens\u0103rcinat cu alegerea liderului suprem, potrivit CNN.<\/p>\n<p id=\"p-1\">Adunarea a ales un nou lider o singur\u0103 dat\u0103 de la \u00eenfiin\u021barea Republicii Islamice \u00een 1979. Atunci c\u00e2nd Ali Khamenei a fost ales \u00een grab\u0103, \u00een urma mor\u021bii ayatollahului Ruhollah Khomeini, acum mai bine de trei decenii.<\/p>\n<p id=\"p-2\">Pre\u0219edintele american Donald Trump a declarat joi c\u0103 trebuie s\u0103 fie \u201eimplicat \u00een numirea\u201d urm\u0103torului lider al Iranului \u0219i c\u0103 alegerea fiului lui Khamenei este \u201einacceptabil\u0103\u201d pentru el.<\/p>\n<p id=\"p-3\">Mojtaba, \u00een v\u00e2rst\u0103 de 56 de ani, este <a href=\"https:\/\/www.mediafax.ro\/externe\/cine-este-mojtaba-khamenei-fiul-lui-ali-khamenei-si-posibilul-urmator-lider-suprem-al-iranului-23696789\" target=\"_blank\" rel=\"noopener\">al doilea fiu al lui Khamenei<\/a> \u0219i este cunoscut pentru influen\u021ba sa semnificativ\u0103 \u00een culise \u0219i are leg\u0103turi puternice cu Corpul G\u0103rzilor Revolu\u021bionare Islamice (IRGC), cel mai puternic organism militar din \u021bar\u0103, precum \u0219i cu for\u021ba paramilitar\u0103 voluntar\u0103 Basij.<\/p>\n<h2 id=\"chapter-0\">Fiul lui Khamenei, vizat de un atac israelian<\/h2>\n<p id=\"p-4\">Mojtaba nu este un cleric de rang \u00eenalt \u0219i nu are niciun rol oficial \u00een regim. El a fost sanc\u021bionat de SUA \u00een 2019. Trezoreria SUA l-a acuzat c\u0103 a colaborat \u00eendeaproape cu comandantul For\u021bei IRGC-Quds \u0219i cu Basij pentru a promova ceea ce a descris ca fiind \u201eambi\u021biile regionale destabilizatoare \u0219i obiectivele interne opresive\u201d ale tat\u0103lui s\u0103u.<\/p>\n<p id=\"p-5\">Israelul l-a vizat pe Mojtaba \u00eentr-un atac de s\u0103pt\u0103m\u00e2na trecut\u0103, potrivit unei surse israeliene familiarizate cu situa\u021bia. \u00cens\u0103 Israelul crede c\u0103 acesta a fost r\u0103nit doar \u00een timpul tentativei.<\/p>\n","protected":false},"excerpt":{"rendered":"<p>Fiul lui Khamenei, Mojtaba Khamenei, a fost desemnat de Adunarea Exper\u021bilor din Iran, un organism format din 88 de clerici ale\u0219i, \u00eens\u0103rcinat cu alegerea liderului suprem, potrivit CNN. Adunarea a &hellip; <a href=\"https:\/\/microscopemedia.com\/?p=680769\" class=\"more-link\">Read More<\/a><\/p>\n","protected":false},"author":1,"featured_media":680770,"comment_status":"closed","ping_status":"closed","sticky":false,"template":"Default","format":"standard","meta":[],"categories":[1],"tags":[],"_links":{"self":[{"href":"https:\/\/microscopemedia.com\/index.php?rest_route=\/wp\/v2\/posts\/680769"}],"collection":[{"href":"https:\/\/microscopemedia.com\/index.php?rest_route=\/wp\/v2\/posts"}],"about":[{"href":"https:\/\/microscopemedia.com\/index.php?rest_route=\/wp\/v2\/types\/post"}],"author":[{"embeddable":true,"href":"https:\/\/microscopemedia.com\/index.php?rest_route=\/wp\/v2\/users\/1"}],"replies":[{"embeddable":true,"href":"https:\/\/microscopemedia.com\/index.php?rest_route=%2Fwp%2Fv2%2Fcomments&post=680769"}],"version-history":[{"count":0,"href":"https:\/\/microscopemedia.com\/index.php?rest_route=\/wp\/v2\/posts\/680769\/revisions"}],"wp:featuredmedia":[{"embeddable":true,"href":"https:\/\/microscopemedia.com\/index.php?rest_route=\/wp\/v2\/media\/680770"}],"wp:attachment":[{"href":"https:\/\/microscopemedia.com\/index.php?rest_route=%2Fwp%2Fv2%2Fmedia&parent=680769"}],"wp:term":[{"taxonomy":"category","embeddable":true,"href":"https:\/\/microscopemedia.com\/index.php?rest_route=%2Fwp%2Fv2%2Fcategories&post=680769"},{"taxonomy":"post_tag","embeddable":true,"href":"https:\/\/microscopemedia.com\/index.php?rest_route=%2Fwp%2Fv2%2Ftags&post=680769"}],"curies":[{"name":"wp","href":"https:\/\/api.w.org\/{rel}","templated":true}]}}