{"id":680773,"date":"2026-03-08T22:46:03","date_gmt":"2026-03-08T22:46:03","guid":{"rendered":"https:\/\/microscopemedia.com\/?p=680773"},"modified":"2026-03-08T22:46:03","modified_gmt":"2026-03-08T22:46:03","slug":"iranul-face-apel-la-popor-sa-l-sustina-pe-noul-lider-mojtaba-khamenei","status":"publish","type":"post","link":"https:\/\/microscopemedia.com\/?p=680773","title":{"rendered":"Iranul face apel la popor s\u0103-l sus\u021bin\u0103 pe noul lider, Mojtaba Khamenei"},"content":{"rendered":"<div><img decoding=\"async\" src=\"https:\/\/microscopemedia.com\/wp-content\/uploads\/2026\/03\/iranul-face-apel-la-popor-sa-l-sustina-pe-noul-lider-mojtaba-khamenei.jpg\" class=\"ff-og-image-inserted\"><\/div>\n<p id=\"p-0\">\u00centr-o declara\u021bie, Adunarea Exper\u021bilor a \u00eendemnat iranienii, \u00een special cercet\u0103torii, cadrele universitare \u0219i elitele na\u021bionale, s\u0103 jure credin\u021b\u0103 noii conduceri \u0219i s\u0103 men\u021bin\u0103 unitatea \u00een jurul principiului Velayat-e Faqih, sistemul de tutel\u0103 islamic care formeaz\u0103 fundamentul structurii politice a Iranului, potrivit <a href=\"https:\/\/edition.cnn.com\/world\/live-news\/iran-war-us-israel-trump-03-08-26?t=1773008870522\" target=\"_blank\" rel=\"noopener\">CNN<\/a>.<\/p>\n<p id=\"p-1\">Adunarea a declarat c\u0103 s-a \u00eentrunit imediat dup\u0103 ce a ap\u0103rut vestea mor\u021bii lui Khamenei, \u00een ciuda a ceea ce a descris ca fiind condi\u021bii grave de r\u0103zboi \u0219i amenin\u021b\u0103ri directe la adresa \u021b\u0103rii.<\/p>\n<p id=\"p-2\">Oficialii au declarat c\u0103 <a href=\"https:\/\/www.mediafax.ro\/externe\/numele-lui-khamenei-va-continua-un-membru-al-adunarii-expertilor-ofera-un-indiciu-despre-urmatorul-lider-suprem-23699318\" target=\"_blank\" rel=\"noopener\">Adunarea<\/a> a continuat procesul constitu\u021bional de selec\u021bie a unui nou lider pentru a evita orice vid de conducere \u00een \u021bar\u0103.<\/p>\n<p id=\"p-3\">Dup\u0103 ceea ce a descris ca fiind deliber\u0103ri ample, Adunarea Exper\u021bilor a anun\u021bat c\u0103 Mojtaba Khamenei a fost ales prin vot unanim al membrilor s\u0103i pentru a deveni al treilea lider al Republicii Islamice de la revolu\u021bia din 1979.<\/p>\n","protected":false},"excerpt":{"rendered":"<p>\u00centr-o declara\u021bie, Adunarea Exper\u021bilor a \u00eendemnat iranienii, \u00een special cercet\u0103torii, cadrele universitare \u0219i elitele na\u021bionale, s\u0103 jure credin\u021b\u0103 noii conduceri \u0219i s\u0103 men\u021bin\u0103 unitatea \u00een jurul principiului Velayat-e Faqih, sistemul &hellip; <a href=\"https:\/\/microscopemedia.com\/?p=680773\" class=\"more-link\">Read More<\/a><\/p>\n","protected":false},"author":1,"featured_media":680774,"comment_status":"closed","ping_status":"closed","sticky":false,"template":"Default","format":"standard","meta":[],"categories":[1],"tags":[],"_links":{"self":[{"href":"https:\/\/microscopemedia.com\/index.php?rest_route=\/wp\/v2\/posts\/680773"}],"collection":[{"href":"https:\/\/microscopemedia.com\/index.php?rest_route=\/wp\/v2\/posts"}],"about":[{"href":"https:\/\/microscopemedia.com\/index.php?rest_route=\/wp\/v2\/types\/post"}],"author":[{"embeddable":true,"href":"https:\/\/microscopemedia.com\/index.php?rest_route=\/wp\/v2\/users\/1"}],"replies":[{"embeddable":true,"href":"https:\/\/microscopemedia.com\/index.php?rest_route=%2Fwp%2Fv2%2Fcomments&post=680773"}],"version-history":[{"count":0,"href":"https:\/\/microscopemedia.com\/index.php?rest_route=\/wp\/v2\/posts\/680773\/revisions"}],"wp:featuredmedia":[{"embeddable":true,"href":"https:\/\/microscopemedia.com\/index.php?rest_route=\/wp\/v2\/media\/680774"}],"wp:attachment":[{"href":"https:\/\/microscopemedia.com\/index.php?rest_route=%2Fwp%2Fv2%2Fmedia&parent=680773"}],"wp:term":[{"taxonomy":"category","embeddable":true,"href":"https:\/\/microscopemedia.com\/index.php?rest_route=%2Fwp%2Fv2%2Fcategories&post=680773"},{"taxonomy":"post_tag","embeddable":true,"href":"https:\/\/microscopemedia.com\/index.php?rest_route=%2Fwp%2Fv2%2Ftags&post=680773"}],"curies":[{"name":"wp","href":"https:\/\/api.w.org\/{rel}","templated":true}]}}