{"id":680777,"date":"2026-03-09T00:16:04","date_gmt":"2026-03-09T00:16:04","guid":{"rendered":"https:\/\/microscopemedia.com\/?p=680777"},"modified":"2026-03-09T00:16:04","modified_gmt":"2026-03-09T00:16:04","slug":"al-saptelea-soldat-american-a-murit-in-razboiul-din-orientul-mijlociu-dupa-ce-a-fost-ranit-intr-un-atac-din-arabia-saudita","status":"publish","type":"post","link":"https:\/\/microscopemedia.com\/?p=680777","title":{"rendered":"Al \u0219aptelea soldat american a murit \u00een r\u0103zboiul din Orientul Mijlociu, dup\u0103 ce a fost r\u0103nit \u00eentr-un atac din Arabia Saudit\u0103"},"content":{"rendered":"<div><img decoding=\"async\" src=\"https:\/\/microscopemedia.com\/wp-content\/uploads\/2026\/03\/al-saptelea-soldat-american-a-murit-in-razboiul-din-orientul-mijlociu-dupa-ce-a-fost-ranit-intr-un-atac-din-arabia-saudita.jpg\" class=\"ff-og-image-inserted\"><\/div>\n<p id=\"p-0\">\u201eNoaptea trecut\u0103, un militar american a decedat din cauza r\u0103nilor suferite \u00een timpul atacurilor ini\u021biale ale regimului iranian \u00een Orientul Mijlociu\u201d, a declarat Comandamentul Central al SUA pe re\u021beaua X. \u201eMilitarul a fost grav r\u0103nit la locul unui atac asupra trupelor americane din Regatul Arabiei Saudite, pe 1 martie\u201d, potrivit CNN.<\/p>\n<p id=\"p-1\">Numele militarului nu este divulgat p\u00e2n\u0103 la 24 de ore dup\u0103 ce familia sa este anun\u021bat\u0103, a\u0219a cum este obiceiul.<\/p>\n<p id=\"p-2\">Vestea despre soldatul c\u0103zut vine la o zi dup\u0103 ceremonia de repatriere celor <a href=\"https:\/\/edition.cnn.com\/2026\/03\/08\/politics\/us-service-member-killed-iran-war\" target=\"_blank\" rel=\"noopener\">\u0219ase solda\u021bi uci\u0219i<\/a> s\u0103pt\u0103m\u00e2na trecut\u0103 \u00een Kuweit. Pre\u0219edintele Donald Trump \u0219i al\u021bi oficiali de rang \u00eenalt li s-au al\u0103turat familiilor acelor solda\u021bi la baza aerian\u0103 Dover din Delaware, \u00een timp ce solda\u021bii au fost adu\u0219i acas\u0103.<\/p>\n<p id=\"p-3\">Atacul respectiv, care a avut loc f\u0103r\u0103 avertisment , a avut loc asupra unui centru de opera\u021biuni improvizat \u00een portul civil Shuaiba din Kuweit, pe 1 martie. To\u021bi cei \u0219ase solda\u021bi au fost repartiza\u021bi \u00een cadrul Comandamentului 103 de Sus\u021binere, o unitate de rezerv\u0103 a Armatei din Iowa.<\/p>\n<h2 id=\"chapter-0\">Trump admite c\u0103 vor mai exista victime \u00een r\u00e2ndul solda\u021bilor<\/h2>\n<p id=\"p-4\">Pre\u0219edintele a declarat duminic\u0103 pentru ABC c\u0103 \u00eent\u00e2lnirea cu familiile celor \u0219ase solda\u021bi nu l-a pus pe g\u00e2nduri \u00een privin\u021ba r\u0103zboiului.<\/p>\n<p id=\"p-5\">\u201eP\u0103rin\u021bii s-ar sup\u0103ra dac\u0103 a\u0219 face asta\u201d, a spus el. \u201eP\u0103rin\u021bii mi-au spus, fiecare dintre ei: \u00abV\u0103 rog, domnule, c\u00e2\u0219tiga\u021bi asta pentru b\u0103iatul meu\u00bb, iar \u00eentr-un caz, o t\u00e2n\u0103r\u0103, dup\u0103 cum \u0219ti\u021bi, \u00abV\u0103 rog, c\u00e2\u0219tiga\u021bi asta pentru copilul meu\u00bb.\u201d<\/p>\n<p id=\"p-6\">Pre\u0219edintele a declarat anterior c\u0103 probabil vor exista mai multe victime americane \u00een r\u0103zboiul din Iran. \u00centrebat s\u00e2mb\u0103t\u0103 dac\u0103 crede c\u0103 va trebui s\u0103 participe la transferuri mai demne, Trump a r\u0103spuns: \u201eSunt sigur. Ur\u0103sc s\u0103\u2026 dar face parte din r\u0103zboi\u201d.<\/p>\n<h2 id=\"chapter-1\">Un membru al G\u0103rzii Na\u021bionale a murit \u00eentr-un incident medical \u00een Kuweit<\/h2>\n<p id=\"p-7\">CENTCOM a anun\u021bat, de asemenea, duminic\u0103, \u00eentr-o postare separat\u0103 pe re\u021belele de socializare, c\u0103 un soldat al G\u0103rzii Na\u021bionale americane a murit \u00eentr-un \u201eincident medical \u00een Kuweit, pe 6 martie, \u00een timpul unei urgen\u021be medicale\u201d.<\/p>\n<p id=\"p-8\">Maiorul Sorffly Davius, \u00een v\u00e2rst\u0103 de 46 de ani, din Queens, New York, a murit la Camp Buehring, a anun\u021bat Pentagonul. Incidentul este \u00een curs de investigare. Davius \u200b\u200bera ofi\u021ber de poli\u021bie \u00een New York City din 2014, a precizat departamentul.<\/p>\n","protected":false},"excerpt":{"rendered":"<p>\u201eNoaptea trecut\u0103, un militar american a decedat din cauza r\u0103nilor suferite \u00een timpul atacurilor ini\u021biale ale regimului iranian \u00een Orientul Mijlociu\u201d, a declarat Comandamentul Central al SUA pe re\u021beaua X. &hellip; <a href=\"https:\/\/microscopemedia.com\/?p=680777\" class=\"more-link\">Read More<\/a><\/p>\n","protected":false},"author":1,"featured_media":680778,"comment_status":"closed","ping_status":"closed","sticky":false,"template":"Default","format":"standard","meta":[],"categories":[1],"tags":[],"_links":{"self":[{"href":"https:\/\/microscopemedia.com\/index.php?rest_route=\/wp\/v2\/posts\/680777"}],"collection":[{"href":"https:\/\/microscopemedia.com\/index.php?rest_route=\/wp\/v2\/posts"}],"about":[{"href":"https:\/\/microscopemedia.com\/index.php?rest_route=\/wp\/v2\/types\/post"}],"author":[{"embeddable":true,"href":"https:\/\/microscopemedia.com\/index.php?rest_route=\/wp\/v2\/users\/1"}],"replies":[{"embeddable":true,"href":"https:\/\/microscopemedia.com\/index.php?rest_route=%2Fwp%2Fv2%2Fcomments&post=680777"}],"version-history":[{"count":0,"href":"https:\/\/microscopemedia.com\/index.php?rest_route=\/wp\/v2\/posts\/680777\/revisions"}],"wp:featuredmedia":[{"embeddable":true,"href":"https:\/\/microscopemedia.com\/index.php?rest_route=\/wp\/v2\/media\/680778"}],"wp:attachment":[{"href":"https:\/\/microscopemedia.com\/index.php?rest_route=%2Fwp%2Fv2%2Fmedia&parent=680777"}],"wp:term":[{"taxonomy":"category","embeddable":true,"href":"https:\/\/microscopemedia.com\/index.php?rest_route=%2Fwp%2Fv2%2Fcategories&post=680777"},{"taxonomy":"post_tag","embeddable":true,"href":"https:\/\/microscopemedia.com\/index.php?rest_route=%2Fwp%2Fv2%2Ftags&post=680777"}],"curies":[{"name":"wp","href":"https:\/\/api.w.org\/{rel}","templated":true}]}}