{"id":680779,"date":"2026-03-09T01:16:04","date_gmt":"2026-03-09T01:16:04","guid":{"rendered":"https:\/\/microscopemedia.com\/?p=680779"},"modified":"2026-03-09T01:16:04","modified_gmt":"2026-03-09T01:16:04","slug":"operatiune-de-comando-israeliana-in-liban","status":"publish","type":"post","link":"https:\/\/microscopemedia.com\/?p=680779","title":{"rendered":"Opera\u021biune de comando israelian\u0103 \u00een Liban"},"content":{"rendered":"<div><img decoding=\"async\" src=\"https:\/\/microscopemedia.com\/wp-content\/uploads\/2026\/03\/operatiune-de-comando-israeliana-in-liban.jpg\" class=\"ff-og-image-inserted\"><\/div>\n<p id=\"p-0\">Luptele au loc \u00een apropierea satului Nabi Chit, care fusese deja vizat vineri noaptea de comandouri israeliene venite s\u0103 \u00eencerce, f\u0103r\u0103 succes, s\u0103 recupereze trupul unui aviator israelian capturat \u00een 1986, potrivit agen\u021biei ANI, citat\u0103 de <a href=\"https:\/\/www.lefigaro.fr\/international\/violents-combats-au-liban-ou-une-operation-commando-israelienne-est-en-cours-20260309\" target=\"_blank\" rel=\"noopener\">Le Figaro<\/a>.<\/p>\n<p id=\"p-1\">O surs\u0103 din Hezbollah a declarat pentru AFP c\u0103 mi\u0219carea \u0219iit\u0103 libanez\u0103 a dobor\u00e2t un elicopter israelian \u00een zon\u0103.<\/p>\n<p id=\"p-2\">\u00centr-o declara\u021bie, Hezbollah a indicat c\u0103 <a href=\"https:\/\/www.mediafax.ro\/externe\/operatiune-israeliana-de-amploare-in-nordul-cisiordaniei-23648731\" target=\"_blank\" rel=\"noopener\">solda\u021bii israelieni<\/a> au sosit la bordul a \u201eaproximativ 15 elicoptere\u201d la scurt timp dup\u0103 miezul nop\u021bii, ora local\u0103 (22:00 GMT). \u201eLupt\u0103torii Rezisten\u021bei Islamice au atacat elicopterele \u0219i for\u021bele infiltrate cu arme adecvate, iar luptele sunt \u00een desf\u0103\u0219urare \u00een timp ce emitem aceast\u0103 declara\u021bie\u201d, a scris mi\u0219carea \u00een jurul orei 23:45 GMT.<\/p>\n<h2 id=\"chapter-0\">Hezbollah a revendicat un atac \u00eempotriva Israelului<\/h2>\n<p id=\"p-3\">Hezbollah a implicat Libanul \u00een r\u0103zboiul regional revendic\u00e2nd responsabilitatea, pe 2 martie, pentru un atac \u00eempotriva Israelului, menit s\u0103 r\u0103zbune moartea liderului suprem iranian Ali Khamenei, ucis \u00een primele ore ale opera\u021biunii americano-israeliane \u00eempotriva Iranului.<\/p>\n<p id=\"p-4\">De atunci, Israelul a lansat o vast\u0103 campanie de atacuri aeriene care a vizat din nou suburbiile sudice ale Beirutului, un bastion al Hezbollah, precum \u0219i estul \u0219i sudul \u021b\u0103rii duminic\u0103, unde cel pu\u021bin 11 persoane au fost ucise \u00eentr-un singur sat, potrivit autorit\u0103\u021bilor. Ministrul S\u0103n\u0103t\u0103\u021bii, Rakan Nassereddine, a declarat c\u0103 atacurile au ucis 394 de persoane, inclusiv 83 de copii, \u00eentr-o singur\u0103 s\u0103pt\u0103m\u00e2n\u0103.<\/p>\n","protected":false},"excerpt":{"rendered":"<p>Luptele au loc \u00een apropierea satului Nabi Chit, care fusese deja vizat vineri noaptea de comandouri israeliene venite s\u0103 \u00eencerce, f\u0103r\u0103 succes, s\u0103 recupereze trupul unui aviator israelian capturat \u00een &hellip; <a href=\"https:\/\/microscopemedia.com\/?p=680779\" class=\"more-link\">Read More<\/a><\/p>\n","protected":false},"author":1,"featured_media":680780,"comment_status":"closed","ping_status":"closed","sticky":false,"template":"Default","format":"standard","meta":[],"categories":[1],"tags":[],"_links":{"self":[{"href":"https:\/\/microscopemedia.com\/index.php?rest_route=\/wp\/v2\/posts\/680779"}],"collection":[{"href":"https:\/\/microscopemedia.com\/index.php?rest_route=\/wp\/v2\/posts"}],"about":[{"href":"https:\/\/microscopemedia.com\/index.php?rest_route=\/wp\/v2\/types\/post"}],"author":[{"embeddable":true,"href":"https:\/\/microscopemedia.com\/index.php?rest_route=\/wp\/v2\/users\/1"}],"replies":[{"embeddable":true,"href":"https:\/\/microscopemedia.com\/index.php?rest_route=%2Fwp%2Fv2%2Fcomments&post=680779"}],"version-history":[{"count":0,"href":"https:\/\/microscopemedia.com\/index.php?rest_route=\/wp\/v2\/posts\/680779\/revisions"}],"wp:featuredmedia":[{"embeddable":true,"href":"https:\/\/microscopemedia.com\/index.php?rest_route=\/wp\/v2\/media\/680780"}],"wp:attachment":[{"href":"https:\/\/microscopemedia.com\/index.php?rest_route=%2Fwp%2Fv2%2Fmedia&parent=680779"}],"wp:term":[{"taxonomy":"category","embeddable":true,"href":"https:\/\/microscopemedia.com\/index.php?rest_route=%2Fwp%2Fv2%2Fcategories&post=680779"},{"taxonomy":"post_tag","embeddable":true,"href":"https:\/\/microscopemedia.com\/index.php?rest_route=%2Fwp%2Fv2%2Ftags&post=680779"}],"curies":[{"name":"wp","href":"https:\/\/api.w.org\/{rel}","templated":true}]}}