{"id":680785,"date":"2026-03-09T03:06:04","date_gmt":"2026-03-09T03:06:04","guid":{"rendered":"https:\/\/microscopemedia.com\/?p=680785"},"modified":"2026-03-09T03:06:04","modified_gmt":"2026-03-09T03:06:04","slug":"un-incendiu-langa-gara-centrala-din-glasgow-a-provocat-perturbari-majore-ale-traficului-feroviar-din-scotia","status":"publish","type":"post","link":"https:\/\/microscopemedia.com\/?p=680785","title":{"rendered":"Un incendiu l\u00e2ng\u0103 gara central\u0103 din Glasgow a provocat perturb\u0103ri majore ale traficului feroviar din Sco\u021bia"},"content":{"rendered":"<div><img decoding=\"async\" src=\"https:\/\/microscopemedia.com\/wp-content\/uploads\/2026\/03\/un-incendiu-langa-gara-centrala-din-glasgow-a-provocat-perturbari-majore-ale-traficului-feroviar-din-scotia.jpg\" class=\"ff-og-image-inserted\"><\/div>\n<p id=\"p-0\">Zeci de trenuri au fost anulate duminic\u0103 seara, \u00een urma incendiului izbucnit la un magazin de \u021big\u0103ri electronice de pe strada Union, potrivit <a href=\"https:\/\/www.theguardian.com\/uk-news\/2026\/mar\/08\/glasgow-central-station-train-station-rail-disruption\" target=\"_blank\" rel=\"noopener\">The Guardian<\/a>.<\/p>\n<p id=\"p-1\">C\u0103ile Ferate Na\u021bionale au declarat c\u0103 gara va fi \u00eenchis\u0103 p\u00e2n\u0103 la o nou\u0103 notificare, \u00een timp ce echipele de pompieri au continuat s\u0103 sting\u0103 incendiul la cinci ore dup\u0103 ce acesta a izbucnit.<\/p>\n<p id=\"p-2\">Niciun tren nu va circula c\u0103tre sau dinspre peroanele de la nivelul \u00eenalt al celei mai aglomerate sta\u021bii din Sco\u021bia, iar cele care circul\u0103 prin peroanele de la nivelul jos nu vor face opriri \u00een Glasgow Central.<\/p>\n<p id=\"p-3\">Network Rail a declarat c\u0103 gara va r\u0103m\u00e2ne \u00eenchis\u0103 luni diminea\u021b\u0103, iar National Rail se a\u0219teapt\u0103 ca perturb\u0103rile s\u0103 continue p\u00e2n\u0103 la sf\u00e2r\u0219itul zilei de luni.<\/p>\n<p id=\"p-4\">Prim-ministrul John Swinney a declarat pe re\u021belele de socializare: \u201eSunt profund \u00eengrijorat de incendiul de l\u00e2ng\u0103 Gara Central\u0103 din Glasgow din aceast\u0103 sear\u0103 \u0219i sunt foarte recunosc\u0103tor tuturor serviciilor de urgen\u021b\u0103 care intervin.\u201d<\/p>\n<p id=\"p-5\">Paul Sweeney, deputatul laburist din Glasgow, a declarat c\u0103 cl\u0103direa s-a pr\u0103bu\u0219it par\u021bial. \u00centr-o postare pe re\u021belele de socializare, el a spus c\u0103 cl\u0103direa dateaz\u0103 din 1851. Sweeney a declarat: \u201eDin p\u0103cate, cl\u0103direa s-a pr\u0103bu\u0219it par\u021bial. Sper c\u0103 incendiul poate fi \u021binut sub control. Col\u021bul cl\u0103dirii Forsyth, precum \u0219i camerele Caledonian \u0219i Hotelul Central, par s\u0103 nu fie afectate.\u201d<\/p>\n<h2 id=\"chapter-0\">15 echipaje de pompieri au lucrat pentru a stinge incendiul<\/h2>\n<p id=\"p-6\">\u00centr-un comunicat emis duminic\u0103 sear\u0103, un purt\u0103tor de cuv\u00e2nt al serviciului sco\u021bian de pompieri \u0219i salvare a declarat: \u201ePompierii continu\u0103 s\u0103 lucreze pentru a stinge un incendiu de amploare la o cl\u0103dire de pe strada Union din Glasgow.\u201d<\/p>\n<p id=\"p-7\">\u201e\u00cen punctul culminant, 15 <a href=\"https:\/\/www.mediafax.ro\/externe\/substanta-misterioasa-descoperita-in-centrul-unui-oras-britanic-politia-a-luat-masuri-urgente-23685536\" target=\"_blank\" rel=\"noopener\">echipaje de pompieri<\/a> \u0219i resurse specializate, inclusiv trei vehicule cu raz\u0103 mare de ac\u021biune \u0219i o echip\u0103 de salvare pe ap\u0103, au fost mobilizate \u00een zon\u0103.\u201d<\/p>\n<p id=\"p-8\">\u201eAm fost alerta\u021bi ini\u021bial duminic\u0103, 8 martie, la ora 15:46, cu privire la un incendiu care afecta parterul unei cl\u0103diri comerciale cu patru etaje.\u201d<\/p>\n<p id=\"p-9\">\u201eNu s-au raportat victime, iar echipajele r\u0103m\u00e2n la fa\u021ba locului.\u201d<\/p>\n<p id=\"p-10\">Exist\u0103 o anumit\u0103 acceptare a biletelor, pasagerii Avanti West Coast put\u00e2nd s\u0103 \u00ee\u0219i foloseasc\u0103 biletele f\u0103r\u0103 costuri suplimentare pe serviciile LNER \u00eentre Edinburgh \u0219i Londra King\u2019s Cross.<\/p>\n<p id=\"p-11\">\u00centre timp, operatorul TransPennine Express a declarat c\u0103 serviciile sale dintre Glasgow Central \u0219i Liverpool Lime Street \u0219i Aeroportul Manchester nu vor func\u021biona luni \u0219i a \u00eendemnat pasagerii s\u0103 nu c\u0103l\u0103toreasc\u0103, deoarece nu vor exista autobuze care s\u0103 \u00eenlocuiasc\u0103 trenurile.<\/p>\n","protected":false},"excerpt":{"rendered":"<p>Zeci de trenuri au fost anulate duminic\u0103 seara, \u00een urma incendiului izbucnit la un magazin de \u021big\u0103ri electronice de pe strada Union, potrivit The Guardian. C\u0103ile Ferate Na\u021bionale au declarat &hellip; <a href=\"https:\/\/microscopemedia.com\/?p=680785\" class=\"more-link\">Read More<\/a><\/p>\n","protected":false},"author":1,"featured_media":680786,"comment_status":"closed","ping_status":"closed","sticky":false,"template":"Default","format":"standard","meta":[],"categories":[1],"tags":[],"_links":{"self":[{"href":"https:\/\/microscopemedia.com\/index.php?rest_route=\/wp\/v2\/posts\/680785"}],"collection":[{"href":"https:\/\/microscopemedia.com\/index.php?rest_route=\/wp\/v2\/posts"}],"about":[{"href":"https:\/\/microscopemedia.com\/index.php?rest_route=\/wp\/v2\/types\/post"}],"author":[{"embeddable":true,"href":"https:\/\/microscopemedia.com\/index.php?rest_route=\/wp\/v2\/users\/1"}],"replies":[{"embeddable":true,"href":"https:\/\/microscopemedia.com\/index.php?rest_route=%2Fwp%2Fv2%2Fcomments&post=680785"}],"version-history":[{"count":0,"href":"https:\/\/microscopemedia.com\/index.php?rest_route=\/wp\/v2\/posts\/680785\/revisions"}],"wp:featuredmedia":[{"embeddable":true,"href":"https:\/\/microscopemedia.com\/index.php?rest_route=\/wp\/v2\/media\/680786"}],"wp:attachment":[{"href":"https:\/\/microscopemedia.com\/index.php?rest_route=%2Fwp%2Fv2%2Fmedia&parent=680785"}],"wp:term":[{"taxonomy":"category","embeddable":true,"href":"https:\/\/microscopemedia.com\/index.php?rest_route=%2Fwp%2Fv2%2Fcategories&post=680785"},{"taxonomy":"post_tag","embeddable":true,"href":"https:\/\/microscopemedia.com\/index.php?rest_route=%2Fwp%2Fv2%2Ftags&post=680785"}],"curies":[{"name":"wp","href":"https:\/\/api.w.org\/{rel}","templated":true}]}}