{"id":680791,"date":"2026-03-09T04:06:04","date_gmt":"2026-03-09T04:06:04","guid":{"rendered":"https:\/\/microscopemedia.com\/?p=680791"},"modified":"2026-03-09T04:06:04","modified_gmt":"2026-03-09T04:06:04","slug":"semnificatia-religioasa-a-zilei-de-9-martie-povestea-celor-40-de-sfinti-mucenici-din-sevastia","status":"publish","type":"post","link":"https:\/\/microscopemedia.com\/?p=680791","title":{"rendered":"Semnifica\u021bia religioas\u0103 a zilei de 9 martie: Povestea celor 40 de Sfin\u021bi Mucenici din Sevastia"},"content":{"rendered":"<div><img decoding=\"async\" src=\"https:\/\/microscopemedia.com\/wp-content\/uploads\/2026\/03\/semnificatia-religioasa-a-zilei-de-9-martie-povestea-celor-40-de-sfinti-mucenici-din-sevastia.png\" class=\"ff-og-image-inserted\"><\/div>\n<p id=\"p-0\">Ziua de 9 martie marcheaz\u0103 \u00eenceputul simbolic al prim\u0103verii \u00een calendarul popular \u0219i este \u00eenso\u021bit\u0103 de obiceiuri culinare, ritualuri \u0219i supersti\u021bii transmise din genera\u021bie \u00een genera\u021bie. Totu\u0219i, care este povestea celor 40 de Sfin\u021bi Mucenici din Sevastia?<\/p>\n<p id=\"p-1\">Povestea \u00ee\u0219i are originea \u00een secolul al IV-lea, \u00een cetatea <strong>Sevastia<\/strong>. Cei 40 de mucenici, originari din Capadocia (Asia Mic\u0103), erau osta\u015fi \u00een Legiunea a XII-a Fulminata, sta\u0163ionat\u0103 la Melitene (Armenia) \u015fi condus\u0103 de guvernatorul Agricola. \u00cemp\u0103ratul Licinius, dup\u0103 ce \u00een anul 313 a semnat \u00eempreun\u0103 cu Sf\u00e2ntul Constantin cel Mare, cumnatul s\u0103u, Edictul de la Mediolanum (Milano de ast\u0103zi), prin care se acorda libertate religioas\u0103 cre\u015ftinilor, a pornit o prigoan\u0103 \u00eempotriva cre\u015ftinilor din partea de r\u0103s\u0103rit a Imperiului Roman, \u00een urma unui conflict de interese cu augustul Occidentului.<\/p>\n<p id=\"p-2\">\u00cen armata roman\u0103 exista obiceiul ca principalul cult s\u0103 fie adresat \u00eemp\u0103ratului. Cei 40 de osta\u015fi romani din Legiunea a XII-a Fulminata au refuzat s\u0103 se jertfeasc\u0103 \u00eemp\u0103ratului \u015fi zeilor, motiv pentru care au fost \u00eentemni\u0163a\u0163i, iar opt zile mai t\u00e2rziu au fost judeca\u0163i. Sfin\u0163ii mucenici au m\u0103rturisit pe m\u00e2ntuitorul Hristos cu toat\u0103 credin\u0163a \u015fi t\u0103ria sufleteasc\u0103 \u015fi de aceea au fost omor\u00e2\u0163i, spune p\u0103rintele Stoica.<\/p>\n<p id=\"p-3\">Numele celor 40 de Sfin\u0163i Mucenici sunt Chirion, Candid, Domnos, Isihie, Ieraclie, Smaragd, Valent, Vivian, Evnichie, Claudie, Prisc, Teodul, Eutihie, Ioan, Xantie, Ilian, Sisinie, Aghie, Aetie, Flavie, Acachie, Ecdit, Lisimah, Alexandru, Ilie, Leontie, Gorgonie, Teofil, Dometian, Gaie, Atanasie, Chiril, Sacherdon, Nicolae, Valerie, Filoctimon, Severian, Hudion, Meliton \u015fi Aglaie.<\/p>\n<h2 id=\"chapter-0\">Pedeapsa crud\u0103 dat\u0103 solda\u021bilor<\/h2>\n<p id=\"p-4\">Solda\u0163ii au fost os\u00e2ndi\u0163i, \u00een vreme de iarn\u0103, s\u0103 stea toat\u0103 noaptea \u00een mijlocul unui lac din apropierea Sevastiei. Pe c\u00e2nd se aflau \u00een mijlocul apei, unul dintre ei, ie\u015find din lac, a fost b\u0103gat \u00een ap\u0103 cald\u0103 \u015fi a murit. V\u0103z\u00e2nd \u00een noapte pe sfin\u0163i \u00eenconjura\u0163i de lumin\u0103 \u015fi cununi, pogor\u00e2ndu-se din cer asupra fiec\u0103ruia dintre ei, unul dintre osta\u015fii care erau de paz\u0103 acolo a intrat laolalt\u0103 cu sfin\u0163ii \u00een lac \u015fi l-a \u00eenlocuit pe cel plecat.<\/p>\n<p id=\"p-5\">A doua zi, trupurile solda\u0163ilor au fost arse, o parte din cenu\u015f\u0103 fiind aruncat\u0103 \u00een ap\u0103, iar alta, cump\u0103rat\u0103 de cre\u015ftini de la cei ce i-au ucis. Osemintele lor, c\u00e2te au mai r\u0103mas \u00een cenu\u015f\u0103, au fost g\u0103site \u00een prima jum\u0103tate a secolului al V-lea de credincioasa Pulcheria, sora \u00eemp\u0103ratului Teodosie al II-lea (408-450), \u00eentr-o capel\u0103 \u00een p\u0103m\u00e2nt, \u00een afara zidurilor Constantinopolului, unde fusese odinioar\u0103 casa \u015fi gr\u0103dina unei diaconi\u0163e cu numele de Eusebia \u015fi deasupra c\u0103rora se construise o biseric\u0103 mai mare, \u00een cinstea martirului Thyrus.<\/p>\n","protected":false},"excerpt":{"rendered":"<p>Ziua de 9 martie marcheaz\u0103 \u00eenceputul simbolic al prim\u0103verii \u00een calendarul popular \u0219i este \u00eenso\u021bit\u0103 de obiceiuri culinare, ritualuri \u0219i supersti\u021bii transmise din genera\u021bie \u00een genera\u021bie. Totu\u0219i, care este povestea &hellip; <a href=\"https:\/\/microscopemedia.com\/?p=680791\" class=\"more-link\">Read More<\/a><\/p>\n","protected":false},"author":1,"featured_media":680792,"comment_status":"closed","ping_status":"closed","sticky":false,"template":"Default","format":"standard","meta":[],"categories":[1],"tags":[],"_links":{"self":[{"href":"https:\/\/microscopemedia.com\/index.php?rest_route=\/wp\/v2\/posts\/680791"}],"collection":[{"href":"https:\/\/microscopemedia.com\/index.php?rest_route=\/wp\/v2\/posts"}],"about":[{"href":"https:\/\/microscopemedia.com\/index.php?rest_route=\/wp\/v2\/types\/post"}],"author":[{"embeddable":true,"href":"https:\/\/microscopemedia.com\/index.php?rest_route=\/wp\/v2\/users\/1"}],"replies":[{"embeddable":true,"href":"https:\/\/microscopemedia.com\/index.php?rest_route=%2Fwp%2Fv2%2Fcomments&post=680791"}],"version-history":[{"count":0,"href":"https:\/\/microscopemedia.com\/index.php?rest_route=\/wp\/v2\/posts\/680791\/revisions"}],"wp:featuredmedia":[{"embeddable":true,"href":"https:\/\/microscopemedia.com\/index.php?rest_route=\/wp\/v2\/media\/680792"}],"wp:attachment":[{"href":"https:\/\/microscopemedia.com\/index.php?rest_route=%2Fwp%2Fv2%2Fmedia&parent=680791"}],"wp:term":[{"taxonomy":"category","embeddable":true,"href":"https:\/\/microscopemedia.com\/index.php?rest_route=%2Fwp%2Fv2%2Fcategories&post=680791"},{"taxonomy":"post_tag","embeddable":true,"href":"https:\/\/microscopemedia.com\/index.php?rest_route=%2Fwp%2Fv2%2Ftags&post=680791"}],"curies":[{"name":"wp","href":"https:\/\/api.w.org\/{rel}","templated":true}]}}