{"id":680823,"date":"2026-03-09T07:46:03","date_gmt":"2026-03-09T07:46:03","guid":{"rendered":"https:\/\/microscopemedia.com\/?p=680823"},"modified":"2026-03-09T07:46:03","modified_gmt":"2026-03-09T07:46:03","slug":"ue-ar-putea-avea-propria-retea-sociala-propunere-pentru-o-platforma-finantata-din-bani-publici","status":"publish","type":"post","link":"https:\/\/microscopemedia.com\/?p=680823","title":{"rendered":"UE ar putea avea propria re\u021bea social\u0103: propunere pentru o platform\u0103 finan\u021bat\u0103 din bani publici"},"content":{"rendered":"<div><img decoding=\"async\" src=\"https:\/\/microscopemedia.com\/wp-content\/uploads\/2026\/03\/ue-ar-putea-avea-propria-retea-sociala-propunere-pentru-o-platforma-finantata-din-bani-publici.jpg\" class=\"ff-og-image-inserted\"><\/div>\n<p id=\"p-0\">Comisia European\u0103 a \u00eenregistrat la \u00eenceputul lunii martie o Ini\u021biativ\u0103 Cet\u0103\u021beneasc\u0103 European\u0103. Aceasta cere institu\u021biei s\u0103 sprijine dezvoltarea unei platforme de social media europene, finan\u021bat\u0103 par\u021bial din bani publici \u0219i administrat\u0103 \u00een interesul societ\u0103\u021bii, scrie <a href=\"https:\/\/www.euronews.com\/next\/2026\/03\/09\/would-a-taxpayer-funded-european-social-media-platform-work\" target=\"_blank\" rel=\"noopener\">Euronews<\/a>.<\/p>\n<p id=\"p-1\">Sus\u021bin\u0103torii proiectului spun c\u0103 platforma ar putea func\u021biona ca o alternativ\u0103 la re\u021belele existente. Ea ar putea oferi mai mult control asupra datelor, transparen\u021b\u0103 \u0219i protec\u021bie pentru drepturile utilizatorilor. Ideea apare \u00een contextul criticilor frecvente ale autorit\u0103\u021bilor europene fa\u021b\u0103 de modul \u00een care marile platforme gestioneaz\u0103 datele sau con\u021binutul online.<\/p>\n<p id=\"p-2\">Ini\u021biativa vine dup\u0103 mai multe dezbateri \u00een Europa privind dependen\u021ba de platforme digitale din Statele Unite sau China, mai ales dup\u0103 achizi\u021bia Twitter (actuala platform\u0103 X) de c\u0103tre Elon Musk \u00een 2022.<\/p>\n<h2 id=\"chapter-0\">Colectarea semn\u0103turilor, costuri \u0219i incertitudini<\/h2>\n<p id=\"p-3\">\u00cenregistrarea ini\u021biativei nu \u00eenseamn\u0103 \u00eens\u0103 c\u0103 proiectul va deveni automat realitate. Organizatorii trebuie s\u0103 adune peste un milion de semn\u0103turi din cel pu\u021bin \u0219apte state membre ale UE pentru ca Bruxellesul s\u0103 fie obligat s\u0103 analizeze oficial propunerea. Procesul ar putea dura p\u00e2n\u0103 la 18 luni: \u0219ase luni pentru preg\u0103tirea colect\u0103rii semn\u0103turilor \u0219i \u00eenc\u0103 12 luni pentru str\u00e2ngerea lor. Dac\u0103 pragul este atins, Comisia European\u0103 ar putea decide s\u0103 elaboreze o propunere legislativ\u0103 pentru crearea platformei. Totu\u0219i, procesul legislativ \u0219i implementarea ar putea dura cel pu\u021bin c\u00e2\u021biva ani.<\/p>\n<p id=\"p-4\">Una dintre marile \u00eentreb\u0103ri este c\u00e2t ar costa un astfel de proiect. Ini\u021biatorii estimeaz\u0103 c\u0103 dezvoltarea \u0219i operarea unei re\u021bele sociale europene ar costa aproximativ un euro pe an pentru fiecare cet\u0103\u021bean al Uniunii. Acest lucru ar \u00eensemna cel pu\u021bin 450 de milioane de euro anual. Nu este \u00eens\u0103 clar dac\u0103 UE ar crea o platform\u0103 complet nou\u0103 sau dac\u0103 ar sus\u021bine financiar dezvoltarea unor alternative europene deja existente.<\/p>\n<p id=\"p-5\">De asemenea, r\u0103m\u00e2ne incert dac\u0103 o astfel de platform\u0103 ar putea concura cu gigan\u021bi globali precum Facebook, Instagram sau X, care au investit miliarde de dolari \u00een dezvoltare \u0219i infrastructur\u0103.<\/p>\n<h2 id=\"chapter-1\">De ce nu exist\u0103 \u00eenc\u0103 o alternativ\u0103 european\u0103<\/h2>\n<p id=\"p-6\">\u00cen ultimii ani au existat mai multe tentative de a crea re\u021bele sociale europene sau descentralizate. P\u00e2n\u0103 \u00een prezent niciuna nu a reu\u0219it s\u0103 ating\u0103 popularitatea marilor platforme globale. Mastodon este adesea citat\u0103 ca<a href=\"https:\/\/www.mediafax.ro\/tehnologie\/mastodon-anunta-tranzitia-catre-o-structura-non-profit-22644666\" target=\"_blank\" rel=\"noopener\"> una dintre pu\u021binele alternative europene<\/a>, dar baza sa de utilizatori r\u0103m\u00e2ne mult mai mic\u0103. Din acest motiv, activi\u0219tii sus\u021bin c\u0103 doar o ini\u021biativ\u0103 coordonat\u0103 la nivel european \u0219i finan\u021bat\u0103 public ar putea crea o platform\u0103 competitiv\u0103 la scar\u0103 global\u0103.<\/p>\n<p id=\"p-7\">Deocamdat\u0103 \u00eens\u0103, proiectul se afl\u0103 doar \u00een faza de ini\u021biativ\u0103 civic\u0103, iar viitorul unei eventuale re\u021bele sociale europene r\u0103m\u00e2ne incert.<\/p>\n","protected":false},"excerpt":{"rendered":"<p>Comisia European\u0103 a \u00eenregistrat la \u00eenceputul lunii martie o Ini\u021biativ\u0103 Cet\u0103\u021beneasc\u0103 European\u0103. Aceasta cere institu\u021biei s\u0103 sprijine dezvoltarea unei platforme de social media europene, finan\u021bat\u0103 par\u021bial din bani publici \u0219i &hellip; <a href=\"https:\/\/microscopemedia.com\/?p=680823\" class=\"more-link\">Read More<\/a><\/p>\n","protected":false},"author":1,"featured_media":680824,"comment_status":"closed","ping_status":"closed","sticky":false,"template":"Default","format":"standard","meta":[],"categories":[1],"tags":[],"_links":{"self":[{"href":"https:\/\/microscopemedia.com\/index.php?rest_route=\/wp\/v2\/posts\/680823"}],"collection":[{"href":"https:\/\/microscopemedia.com\/index.php?rest_route=\/wp\/v2\/posts"}],"about":[{"href":"https:\/\/microscopemedia.com\/index.php?rest_route=\/wp\/v2\/types\/post"}],"author":[{"embeddable":true,"href":"https:\/\/microscopemedia.com\/index.php?rest_route=\/wp\/v2\/users\/1"}],"replies":[{"embeddable":true,"href":"https:\/\/microscopemedia.com\/index.php?rest_route=%2Fwp%2Fv2%2Fcomments&post=680823"}],"version-history":[{"count":0,"href":"https:\/\/microscopemedia.com\/index.php?rest_route=\/wp\/v2\/posts\/680823\/revisions"}],"wp:featuredmedia":[{"embeddable":true,"href":"https:\/\/microscopemedia.com\/index.php?rest_route=\/wp\/v2\/media\/680824"}],"wp:attachment":[{"href":"https:\/\/microscopemedia.com\/index.php?rest_route=%2Fwp%2Fv2%2Fmedia&parent=680823"}],"wp:term":[{"taxonomy":"category","embeddable":true,"href":"https:\/\/microscopemedia.com\/index.php?rest_route=%2Fwp%2Fv2%2Fcategories&post=680823"},{"taxonomy":"post_tag","embeddable":true,"href":"https:\/\/microscopemedia.com\/index.php?rest_route=%2Fwp%2Fv2%2Ftags&post=680823"}],"curies":[{"name":"wp","href":"https:\/\/api.w.org\/{rel}","templated":true}]}}