{"id":680829,"date":"2026-03-09T08:26:03","date_gmt":"2026-03-09T08:26:03","guid":{"rendered":"https:\/\/microscopemedia.com\/?p=680829"},"modified":"2026-03-09T08:26:03","modified_gmt":"2026-03-09T08:26:03","slug":"explozie-langa-o-sinagoga-din-belgia-anchetatorii-iau-in-calcul-varianta-atacului-terorist","status":"publish","type":"post","link":"https:\/\/microscopemedia.com\/?p=680829","title":{"rendered":"Explozie l\u00e2ng\u0103 o sinagog\u0103 din Belgia. Anchetatorii iau \u00een calcul varianta atacului terorist"},"content":{"rendered":"<div><img decoding=\"async\" src=\"https:\/\/microscopemedia.com\/wp-content\/uploads\/2026\/03\/explozie-langa-o-sinagoga-din-belgia-anchetatorii-iau-in-calcul-varianta-atacului-terorist.jpg\" class=\"ff-og-image-inserted\"><\/div>\n<p id=\"p-0\">Explozia a avut loc la ora local\u0103 4.00 \u00een fa\u021ba sinagogii situate pe Rue L\u00e9on Fr\u00e9d\u00e9ricq din Li\u00e8ge, conform <a href=\"https:\/\/www.lefigaro.fr\/international\/belgique-explosion-dans-la-nuit-devant-une-synagogue-a-liege-aucun-blesse-selon-la-police-20260309\" target=\"_blank\" rel=\"noopener\">Le Figaro<\/a>. Geamurile cl\u0103dirilor din vecin\u0103tate au fost sparte, a transmis un purt\u0103tor de cuv\u00e2nt al poli\u021biei din Li\u00e8ge prin intermediul unui comunicat.<\/p>\n<p id=\"p-1\">Motivele sunt \u00eenc\u0103 necunoscute, dar nu este exclus\u0103 varianta atacului terorist. Poli\u021bi\u0219tii au mai anun\u021bat c\u0103 nu au existat r\u0103ni\u021bi \u0219i c\u0103 sunt \u201edoar pagube materiale\u201d.<\/p>\n<p id=\"p-2\">\u00cen zon\u0103 a fost stabilit un perimetru de securitate pentru a permite desf\u0103\u0219urarea investiga\u021biei. Sinagoga, construit\u0103 \u00een 1899, este \u0219i un muzeu care expune diverse artefacte religioase \u0219i istoria comunit\u0103\u021bii evreie\u0219ti din Li\u00e8ge, conform site-ului s\u0103u web.<\/p>\n<p id=\"p-3\">Exper\u021bii \u00een securitate au avertizat asupra cre\u0219terii riscului producerii de atacuri teroriste \u00een \u021b\u0103rile occidentale dup\u0103 izbucnirea r\u0103zboiului din Orientul Mijlociu.<\/p>\n","protected":false},"excerpt":{"rendered":"<p>Explozia a avut loc la ora local\u0103 4.00 \u00een fa\u021ba sinagogii situate pe Rue L\u00e9on Fr\u00e9d\u00e9ricq din Li\u00e8ge, conform Le Figaro. Geamurile cl\u0103dirilor din vecin\u0103tate au fost sparte, a transmis &hellip; <a href=\"https:\/\/microscopemedia.com\/?p=680829\" class=\"more-link\">Read More<\/a><\/p>\n","protected":false},"author":1,"featured_media":680830,"comment_status":"closed","ping_status":"closed","sticky":false,"template":"Default","format":"standard","meta":[],"categories":[1],"tags":[],"_links":{"self":[{"href":"https:\/\/microscopemedia.com\/index.php?rest_route=\/wp\/v2\/posts\/680829"}],"collection":[{"href":"https:\/\/microscopemedia.com\/index.php?rest_route=\/wp\/v2\/posts"}],"about":[{"href":"https:\/\/microscopemedia.com\/index.php?rest_route=\/wp\/v2\/types\/post"}],"author":[{"embeddable":true,"href":"https:\/\/microscopemedia.com\/index.php?rest_route=\/wp\/v2\/users\/1"}],"replies":[{"embeddable":true,"href":"https:\/\/microscopemedia.com\/index.php?rest_route=%2Fwp%2Fv2%2Fcomments&post=680829"}],"version-history":[{"count":0,"href":"https:\/\/microscopemedia.com\/index.php?rest_route=\/wp\/v2\/posts\/680829\/revisions"}],"wp:featuredmedia":[{"embeddable":true,"href":"https:\/\/microscopemedia.com\/index.php?rest_route=\/wp\/v2\/media\/680830"}],"wp:attachment":[{"href":"https:\/\/microscopemedia.com\/index.php?rest_route=%2Fwp%2Fv2%2Fmedia&parent=680829"}],"wp:term":[{"taxonomy":"category","embeddable":true,"href":"https:\/\/microscopemedia.com\/index.php?rest_route=%2Fwp%2Fv2%2Fcategories&post=680829"},{"taxonomy":"post_tag","embeddable":true,"href":"https:\/\/microscopemedia.com\/index.php?rest_route=%2Fwp%2Fv2%2Ftags&post=680829"}],"curies":[{"name":"wp","href":"https:\/\/api.w.org\/{rel}","templated":true}]}}