{"id":680843,"date":"2026-03-09T09:46:03","date_gmt":"2026-03-09T09:46:03","guid":{"rendered":"https:\/\/microscopemedia.com\/?p=680843"},"modified":"2026-03-09T09:46:03","modified_gmt":"2026-03-09T09:46:03","slug":"un-oras-din-romania-instaleaza-radare-care-schimba-semaforul-pe-rosu-cand-soferii-depasesc-viteza","status":"publish","type":"post","link":"https:\/\/microscopemedia.com\/?p=680843","title":{"rendered":"Un ora\u0219 din Rom\u00e2nia instaleaz\u0103 radare care schimb\u0103 semaforul pe ro\u0219u c\u00e2nd \u0219oferii dep\u0103\u0219esc viteza"},"content":{"rendered":"<div><img decoding=\"async\" src=\"https:\/\/microscopemedia.com\/wp-content\/uploads\/2026\/03\/un-oras-din-romania-instaleaza-radare-care-schimba-semaforul-pe-rosu-cand-soferii-depasesc-viteza.jpg\" class=\"ff-og-image-inserted\"><\/div>\n<p class=\"font-claude-response-body break-words whitespace-normal leading-[1.7]\" id=\"p-0\">Radare care schimb\u0103 automat semaforul pe ro\u0219u c\u00e2nd detecteaz\u0103 <a href=\"https:\/\/www.mediafax.ro\/social\/avion-pe-sosea-o-femeie-a-gonit-cu-224-km-h-pe-dn39-in-plina-noapte-23698954\">viteza<\/a> excesiv\u0103 vor fi instalate \u00een mai multe intersec\u021bii din Bra\u0219ov, conform Prim\u0103riei.<\/p>\n<p class=\"font-claude-response-body break-words whitespace-normal leading-[1.7]\" id=\"p-1\">Radarele vor fi montate la trecerile pentru pietoni din zone aglomerate. C\u00e2nd un \u0219ofer dep\u0103\u0219e\u0219te viteza permis\u0103, semaforul trece automat pe ro\u0219u.<\/p>\n<p class=\"font-claude-response-body break-words whitespace-normal leading-[1.7]\" id=\"p-2\">Scopul este dublu: reducerea vitezei \u00een zonele cu risc ridicat \u0219i cre\u0219terea siguran\u021bei pietonilor la traversare.<\/p>\n<p class=\"font-claude-response-body break-words whitespace-normal leading-[1.7]\" id=\"p-3\">Comisia de circula\u021bie a avizat \u0219i reorganizarea unui sens giratoriu, pentru a fluidiza alegerea direc\u021biei spre zonele principale ale ora\u0219ului. Se modific\u0103 \u0219i sensul unic pe dou\u0103 str\u0103zi din cartier.<\/p>\n<p class=\"font-claude-response-body break-words whitespace-normal leading-[1.7]\" id=\"p-4\">La un semafor existent va fi montat verde intermitent. O barier\u0103 auto va fi amplasat\u0103 \u00een fa\u021ba unei institu\u021bii de \u00eenv\u0103\u021b\u0103m\u00e2nt superior. Vor ap\u0103rea \u0219i sta\u021bii noi de transport \u00een comun pe o arter\u0103 din ora\u0219.<\/p>\n<h2 class=\"text-text-100 mt-3 -mb-1 text-[1.125rem] font-bold\" id=\"chapter-0\">Eveniment special \u00een martie<\/h2>\n<p class=\"font-claude-response-body break-words whitespace-normal leading-[1.7]\" id=\"p-5\">Tot \u00een cadrul \u0219edin\u021bei a fost avizat traseul \u201eMar\u0219ului pentru Via\u021b\u0103 2026\u2033, programat pe 28 martie. Participan\u021bii vor parcurge un traseu central, iar circula\u021bia va fi reorganizat\u0103 \u00een consecin\u021b\u0103.<\/p>\n","protected":false},"excerpt":{"rendered":"<p>Radare care schimb\u0103 automat semaforul pe ro\u0219u c\u00e2nd detecteaz\u0103 viteza excesiv\u0103 vor fi instalate \u00een mai multe intersec\u021bii din Bra\u0219ov, conform Prim\u0103riei. Radarele vor fi montate la trecerile pentru pietoni &hellip; <a href=\"https:\/\/microscopemedia.com\/?p=680843\" class=\"more-link\">Read More<\/a><\/p>\n","protected":false},"author":1,"featured_media":680844,"comment_status":"closed","ping_status":"closed","sticky":false,"template":"Default","format":"standard","meta":[],"categories":[1],"tags":[],"_links":{"self":[{"href":"https:\/\/microscopemedia.com\/index.php?rest_route=\/wp\/v2\/posts\/680843"}],"collection":[{"href":"https:\/\/microscopemedia.com\/index.php?rest_route=\/wp\/v2\/posts"}],"about":[{"href":"https:\/\/microscopemedia.com\/index.php?rest_route=\/wp\/v2\/types\/post"}],"author":[{"embeddable":true,"href":"https:\/\/microscopemedia.com\/index.php?rest_route=\/wp\/v2\/users\/1"}],"replies":[{"embeddable":true,"href":"https:\/\/microscopemedia.com\/index.php?rest_route=%2Fwp%2Fv2%2Fcomments&post=680843"}],"version-history":[{"count":0,"href":"https:\/\/microscopemedia.com\/index.php?rest_route=\/wp\/v2\/posts\/680843\/revisions"}],"wp:featuredmedia":[{"embeddable":true,"href":"https:\/\/microscopemedia.com\/index.php?rest_route=\/wp\/v2\/media\/680844"}],"wp:attachment":[{"href":"https:\/\/microscopemedia.com\/index.php?rest_route=%2Fwp%2Fv2%2Fmedia&parent=680843"}],"wp:term":[{"taxonomy":"category","embeddable":true,"href":"https:\/\/microscopemedia.com\/index.php?rest_route=%2Fwp%2Fv2%2Fcategories&post=680843"},{"taxonomy":"post_tag","embeddable":true,"href":"https:\/\/microscopemedia.com\/index.php?rest_route=%2Fwp%2Fv2%2Ftags&post=680843"}],"curies":[{"name":"wp","href":"https:\/\/api.w.org\/{rel}","templated":true}]}}