{"id":680845,"date":"2026-03-09T09:56:03","date_gmt":"2026-03-09T09:56:03","guid":{"rendered":"https:\/\/microscopemedia.com\/?p=680845"},"modified":"2026-03-09T09:56:03","modified_gmt":"2026-03-09T09:56:03","slug":"scandalul-ponta-grindeanu-cere-interventia-premierului-si-audierea-ministrului-de-externe","status":"publish","type":"post","link":"https:\/\/microscopemedia.com\/?p=680845","title":{"rendered":"Scandalul Ponta. Grindeanu cere interven\u021bia premierului \u0219i audierea ministrului de Externe"},"content":{"rendered":"<div><img decoding=\"async\" src=\"https:\/\/microscopemedia.com\/wp-content\/uploads\/2026\/03\/scandalul-ponta-grindeanu-cere-interventia-premierului-si-audierea-ministrului-de-externe.jpg\" class=\"ff-og-image-inserted\"><\/div>\n<p id=\"p-0\">Declara\u021biile au fost f\u0103cute luni \u00een timpul unei conferin\u021be de pres\u0103.<\/p>\n<p id=\"p-1\">\u201eEste regretabil\u0103 situa\u021bia \u00een care a fost pus un copil (\u2026) sunt tat\u0103. Totodat\u0103, v\u0103 spun c\u0103 sunt revoltat de ceea ce s-a \u00eent\u00e2mplat (\u2026) Eu am \u021binut leg\u0103tura cu p\u0103rin\u021bii Irinei, am evitat s\u0103 intru \u00een aceast\u0103 dezbatere pentru c\u0103 nu am vrut s\u0103 politiz\u0103m (\u2026) aici nu este vorba de politic\u0103, este vorba de un copil, indiferent cum se nume\u0219te acel copil (\u2026) Urmare a informa\u021biilor ap\u0103rute, situa\u021bia nu poate s\u0103 r\u0103m\u00e2n\u0103 a\u0219a, lucrurile trebuie s\u0103 mearg\u0103 \u00een alt\u0103 direc\u021bie \u0219i a\u0219tept r\u0103spunsuri de la Ilie Bolojan (\u2026) el conduce echipa guvernamental\u0103 \u0219i are toate p\u00e2rghiile necesare l\u0103murii situa\u021biei\u201d, a explicat Sorin Grindeanu.<\/p>\n<p id=\"p-2\">Pre\u0219edintele PSD ar vrea ca premierul s\u0103 trimit\u0103 corpul de control la MAE. De asemenea, el va cere parlamentarilor PSD s\u0103-i cheme la audieri \u00een Parlament pe ministrul de Externe \u0219i pe consulul Rom\u00e2niei.<\/p>\n<p id=\"p-3\">\u201eI-a\u0219 propune s\u0103 trimit\u0103 corpul de control la MAE s\u0103 vad\u0103 situa\u021bia real\u0103 \u0219i s\u0103 o prezinte de urgen\u021b\u0103 rom\u00e2nilor (\u2026) \u00cen Parlament o s\u0103-i rog pe colegii mei s\u0103-i cheme la audieri pe ministrul de externe \u0219i pe consulul nostru (\u2026) Aceast\u0103 clarificare trebuie s\u0103 vin\u0103 repede, lucrurile trebuie clarificate pentru rom\u00e2ni\u201d, a precizat Sorin Grindeanu.<\/p>\n<h2 id=\"chapter-0\">Ce spune Ponta despre scandal<\/h2>\n<p id=\"p-4\">Potrivit lui <a href=\"https:\/\/www.mediafax.ro\/politic\/victor-ponta-irina-este-acasa-in-siguranta-fostul-premier-detaliaza-repatrierea-fiicei-si-critica-interventia-mae-23699029\">Victor Ponta<\/a>, fiica sa a plecat \u00een Emiratele Arabe Unite pe 21 februarie, \u00eenso\u021bit\u0103 de mama sa, pentru a participa la un eveniment academic la care fusese invitat\u0103 de o universitate american\u0103. Mama s-a \u00eentors \u00een Rom\u00e2nia, iar Irina a r\u0103mas \u00eenregistrat\u0103 la universitate, \u00een conformitate cu regulile institu\u021biei, care nu permite participarea p\u0103rin\u021bilor.<\/p>\n<p id=\"p-5\">Ulterior, pe 28 februarie, au fost anun\u021bate Ambasada \u0219i Consulatul Rom\u00e2niei din Emiratele Arabe Unite despre faptul c\u0103 Irina se afla acolo nesupravegheat\u0103 \u0219i dorea s\u0103 revin\u0103 \u00een \u021bar\u0103.&nbsp; Fostul premier a mai spus c\u0103 familia a fost contactat\u0103 de Consulat cu oferta unei curse organizate, iar Irina urma s\u0103 se prezinte la consulatul din Dubai joi diminea\u021ba pentru a fi transportat\u0103, \u00eempreun\u0103 cu al\u021bi copii, la grani\u021ba cu Oman \u0219i de acolo spre Rom\u00e2nia.<\/p>\n<p id=\"p-6\">Ponta a afirmat c\u0103 nu a intervenit pe liste \u0219i nu a cunoscut componen\u021ba acestora. Ponta a mai sus\u021binut c\u0103 \u00eenainte ca Irina s\u0103 plece cu autobuzul, ministrul Afacerilor Externe, Oana \u021aoiu, ar fi telefonat consulului \u0219i i\u2011ar fi cerut imperativ s\u0103 o re\u021bin\u0103 pe minor\u0103 la Dubai, ar\u0103t\u00e2nd c\u0103 decizia de a o trimite spre Oman ar crea o \u201evulnerabilitate de imagine\u201d. Conform fostului premier, \u00een urma acestei interven\u021bii \u201eilegale \u0219i abuzive\u201d, Irina ar fi r\u0103mas singurul copil din grup la Dubai, f\u0103r\u0103 cazare sau zbor confirmat.<\/p>\n<h2 id=\"chapter-1\">Pozi\u021bia MAE<\/h2>\n<p id=\"p-7\"><a href=\"https:\/\/www.mediafax.ro\/politic\/reprezentant-mae-fiica-dacianei-sarbu-si-a-lui-victor-ponta-nu-apare-in-evidentele-consulare-23698674\">Purt\u0103torul de cuv\u00e2nt al Ministerului Afacerilor Externe<\/a> (MAE), Andrei \u0162\u0103rnea, a negat acuza\u021biile. \u021a\u0103rnea a ar\u0103tat c\u0103 fiica Dacianei S\u00e2rbu \u015fi a lui Victor Ponta nu apare \u00een eviden\u0163ele consulare \u015fi \u00een sistemul gestionat de MAE pentru situa\u0163ii de criz\u0103. El a mai spus c\u0103 niciun copil nu a fost l\u0103sat singur.<\/p>\n<p id=\"p-8\">\u00centrebat dac\u0103 ministrul Oana \u021aoiu a sunta la consulul din Dubai pentru aceast\u0103 fat\u0103, \u021a\u0103rnea a spus: \u201eNu! Ceea ce a confirmat \u0219i doamna ministru la acest podium \u00een briefing-ul anterior a fost c\u0103 a avut o discu\u021bie cu consulul \u00een contextul organiz\u0103rii unui zbor special \u0219i \u00een aceast\u0103 discu\u021bie a reiterat importan\u021ba respect\u0103rii principiilor stabilite pentru listele de \u00eembarcare pentru asemenea zboruri\u201d.<\/p>\n","protected":false},"excerpt":{"rendered":"<p>Declara\u021biile au fost f\u0103cute luni \u00een timpul unei conferin\u021be de pres\u0103. \u201eEste regretabil\u0103 situa\u021bia \u00een care a fost pus un copil (\u2026) sunt tat\u0103. Totodat\u0103, v\u0103 spun c\u0103 sunt revoltat &hellip; <a href=\"https:\/\/microscopemedia.com\/?p=680845\" class=\"more-link\">Read More<\/a><\/p>\n","protected":false},"author":1,"featured_media":680846,"comment_status":"closed","ping_status":"closed","sticky":false,"template":"Default","format":"standard","meta":[],"categories":[1],"tags":[],"_links":{"self":[{"href":"https:\/\/microscopemedia.com\/index.php?rest_route=\/wp\/v2\/posts\/680845"}],"collection":[{"href":"https:\/\/microscopemedia.com\/index.php?rest_route=\/wp\/v2\/posts"}],"about":[{"href":"https:\/\/microscopemedia.com\/index.php?rest_route=\/wp\/v2\/types\/post"}],"author":[{"embeddable":true,"href":"https:\/\/microscopemedia.com\/index.php?rest_route=\/wp\/v2\/users\/1"}],"replies":[{"embeddable":true,"href":"https:\/\/microscopemedia.com\/index.php?rest_route=%2Fwp%2Fv2%2Fcomments&post=680845"}],"version-history":[{"count":0,"href":"https:\/\/microscopemedia.com\/index.php?rest_route=\/wp\/v2\/posts\/680845\/revisions"}],"wp:featuredmedia":[{"embeddable":true,"href":"https:\/\/microscopemedia.com\/index.php?rest_route=\/wp\/v2\/media\/680846"}],"wp:attachment":[{"href":"https:\/\/microscopemedia.com\/index.php?rest_route=%2Fwp%2Fv2%2Fmedia&parent=680845"}],"wp:term":[{"taxonomy":"category","embeddable":true,"href":"https:\/\/microscopemedia.com\/index.php?rest_route=%2Fwp%2Fv2%2Fcategories&post=680845"},{"taxonomy":"post_tag","embeddable":true,"href":"https:\/\/microscopemedia.com\/index.php?rest_route=%2Fwp%2Fv2%2Ftags&post=680845"}],"curies":[{"name":"wp","href":"https:\/\/api.w.org\/{rel}","templated":true}]}}