{"id":680849,"date":"2026-03-09T10:16:03","date_gmt":"2026-03-09T10:16:03","guid":{"rendered":"https:\/\/microscopemedia.com\/?p=680849"},"modified":"2026-03-09T10:16:03","modified_gmt":"2026-03-09T10:16:03","slug":"ursula-von-der-leyen-propune-schimbarea-de-doctrina-a-uniunii-europene-europa-nu-mai-poate-fi-un-gardian-al-vechii-ordini-mondiale","status":"publish","type":"post","link":"https:\/\/microscopemedia.com\/?p=680849","title":{"rendered":"Ursula von der Leyen propune schimbarea de doctrin\u0103 a Uniunii Europene: \u201eEuropa nu mai poate fi un gardian al vechii ordini mondiale\u201d"},"content":{"rendered":"<div><img decoding=\"async\" src=\"https:\/\/microscopemedia.com\/wp-content\/uploads\/2026\/03\/ursula-von-der-leyen-propune-schimbarea-de-doctrina-a-uniunii-europene-europa-nu-mai-poate-fi-un-gardian-al-vechii-ordini-mondiale.png\" class=\"ff-og-image-inserted\"><\/div>\n<h2 id=\"chapter-0\">Ursula von der Leyen: \u201eEuropa nu mai poate fi gardianul vechii ordini mondiale. Este o lume care a disp\u0103rut \u0219i nu se va mai \u00eentoarce\u201d<\/h2>\n<p id=\"p-0\">\u201e<strong>Europa nu mai poate fi un gardian al vechii ordini mondiale. Este o lume care a disp\u0103rut \u0219i nu se va mai \u00eentoarce.<\/strong> Vom ap\u0103ra \u0219i sus\u021bine \u00eentotdeauna sistemul bazat pe reguli pe care l-am ajutat s\u0103-l construim \u00eempreun\u0103 cu alia\u021bii no\u0219tri, <strong>dar nu ne mai putem baza pe el ca singura modalitate de a ne ap\u0103ra interesele sau s\u0103 presupunem c\u0103 regulile sale ne vor proteja de amenin\u021b\u0103rile complexe cu care ne confrunt\u0103m.<\/strong><\/p>\n<p id=\"p-1\"><strong>Trebuie s\u0103 reflect\u0103m urgent asupra faptului dac\u0103 doctrina \u0219i procesul nostru decizional \u2013 toate concepute \u00eentr-o lume postbelic\u0103 de stabilitate \u0219i multilateralism \u2013 au \u021binut pasul cu viteza schimb\u0103rilor din jurul nostru<\/strong><\/p>\n<p id=\"p-2\">Putem construi o politic\u0103 extern\u0103 care s\u0103 ne fac\u0103 mai puternici pe plan intern. Mai influen\u021bi la nivel global. \u0218i un partener mai bun pentru \u021b\u0103rile din \u00eentreaga lume.<\/p>\n<p id=\"p-3\">Acesta este un pilon fundamental al independen\u021bei europene care ne protejeaz\u0103 interesele \u0219i ne promoveaz\u0103 valorile\u201d, <strong><a href=\"https:\/\/www.scmp.com\/news\/china\/diplomacy\/article\/3345980\/get-realpolitik-von-der-leyen-questions-europes-faith-rules-based-order\">spune von der Leyen.<\/a><\/strong><\/p>\n<p id=\"p-4\"><strong>\u0218efa Comisiei Europene s-a \u00eentrebat retoric dac\u0103 actuala ordine global\u0103 bazat\u0103 pe reguli este \u201emai mult un ajutor sau un obstacol\u201d pentru Europa:<\/strong><\/p>\n<p id=\"p-5\">\u201eIndiferent dac\u0103 sistemul pe care l-am construit \u2013 cu \u00eencerc\u0103ri bine inten\u021bionate de consens \u0219i compromis \u2013 este mai degrab\u0103 un ajutor sau un obstacol pentru credibilitatea noastr\u0103 ca actor geopolitic.<\/p>\n<p id=\"p-6\"><strong>\u0218tiu c\u0103 acesta este un mesaj dur \u0219i o conversa\u021bie dificil\u0103.<\/strong> Dar \u0219tiu, de asemenea, c\u0103 mul\u021bi dintre voi a\u021bi sim\u021bit aceast\u0103 tensiune \u00een munca voastr\u0103 de zi cu zi. Ideea este c\u0103, dac\u0103 credem \u2013 a\u0219a cum cred eu \u2013 c\u0103 avem nevoie de o politic\u0103 extern\u0103 mai realist\u0103 \u0219i bazat\u0103 pe interese\u201d.<\/p>\n<p id=\"p-7\">Discursul lui Von der Leyen vine \u00een urma unor mesaje similare transmise \u00een ultimele s\u0103pt\u0103m\u00e2ni de cancelarul german Friedrich Merz \u0219i de prim-ministrul canadian Mark Carney, ambii stimula\u021bi de schimb\u0103rile radicale din Statele Unite sub pre\u0219edintele Donald Trump.<\/p>\n<h2 id=\"chapter-1\">Suveranism \u0219i independen\u021b\u0103 a UE<\/h2>\n<p id=\"p-8\">\u0218eful Comisiei a continuat s\u0103 reitereze apelurile pentru o Europ\u0103 mai independent\u0103, subliniind eforturile deja depuse pentru a reduce riscul reprezentat de \u201eun singur furnizor pentru active vitale \u2013 de la energie la ap\u0103rare, de la semiconductori la vaccinuri, de la tehnologii curate la materii prime\u201d.<\/p>\n<p id=\"p-9\">Ursula von der Leyen a pledat ast\u0103zi pentru suveranism \u0219i independen\u021b\u0103 \u00een UE:<\/p>\n<p id=\"p-10\">\u201eScopul este s\u0103 devenim mai rezisten\u021bi, mai suverani \u0219i mai puternici \u2013 de la ap\u0103rare la energie, de la materii prime critice la tehnologii strategice\u2026 A\u0219a arat\u0103 independen\u021ba \u00een lumea de ast\u0103zi.<\/p>\n<p id=\"p-11\">Trebuie s\u0103 fim preg\u0103ti\u021bi s\u0103 ne proiect\u0103m puterea cu mai mult\u0103 asertivitate. De exemplu, pentru a contracara agresiunea \u0219i interferen\u021ba str\u0103in\u0103 cu toate instrumentele noastre \u2013 fie ele economice sau diplomatice, tehnologice sau militare.\u201d<\/p>\n<p id=\"p-12\">UE trebuie s\u0103 fie \u201emai pragmatic\u0103\u201d \u00een ceea ce prive\u0219te comer\u021bul, spune \u0219efa Comisiei Europene:<\/p>\n<p id=\"p-13\">\u201eAproape 2\/3 din cre\u0219terea economic\u0103 global\u0103 are loc \u00een afara SUA \u0219i a Chinei. \u021a\u0103rile de pe toate continentele \u00ee\u0219i caut\u0103 locul \u00een lume. Nu vor s\u0103 fac\u0103 parte din nicio sfer\u0103 de influen\u021b\u0103. Vor s\u0103 fie prospere \u0219i suverane.\u201d<\/p>\n<p id=\"p-14\"><strong>\u201eSecuritatea, principalul factor al organiz\u0103rii UE\u201d<\/strong><\/p>\n<p id=\"p-15\">Preg\u0103tirile pentru o \u201eStrategie european\u0103 de securitate\u201d sunt deja \u00een curs de desf\u0103\u0219urare, o abordare care va fi piatra de temelie a viziunii UE, spune von der Leyen:<\/p>\n<p id=\"p-16\">\u201eSecuritatea trebuie s\u0103 devin\u0103 principiul factor al organiz\u0103rii ac\u021biunilor noastre. Aceasta trebuie s\u0103 fie mentalitatea implicit\u0103 \u2013 de la ap\u0103rare la date, de la industrie la infrastructur\u0103, de la tehnologie la comer\u021b.<\/p>\n<p id=\"p-17\">Vom face acest lucru \u00eempreun\u0103 cu partenerii: Am deschis SAFE c\u0103tre Canada. Dorim s\u0103 integr\u0103m lan\u021burile valorice ale ap\u0103r\u0103rii cu India. Lucr\u0103rile progreseaz\u0103 cu Australia.<\/p>\n<p id=\"p-18\">Unii ar putea spune c\u0103 ie\u0219im din zona noastr\u0103 de confort. Al\u021bii sus\u021bin c\u0103 ar trebui s\u0103 ne concentr\u0103m doar pe ceea ce se \u00eent\u00e2mpl\u0103 la propriile noastre grani\u021be. Dar amenin\u021b\u0103rile cu care ne confrunt\u0103m vin din toate direc\u021biile \u0219i din toate domeniile \u2013 fie ele cibernetice, fie cele spa\u021biale.<\/p>\n<p id=\"p-19\">A\u0219adar, aceast\u0103 abordare cu adev\u0103rat complet\u0103 a securit\u0103\u021bii noastre trebuie s\u0103 continue s\u0103 ne ghideze activitatea. Ideea este c\u0103 lumea din jurul nostru se schimb\u0103 cu o vitez\u0103 incredibil\u0103, iar acum \u0219i Europa se schimb\u0103.\u201d<\/p>\n<p id=\"p-20\">\u00cen ceea ce prive\u0219te Iranul, \u0219efa Comisiei Europene a declarat: \u201eNu ar trebui s\u0103 se verse lacrimi pentru regimul iranian. Acest regim a provocat moartea \u0219i a impus represiune propriului popor. A masacrat 17.000 de tineri. Acest regim a provocat devastare \u0219i destabilizare \u00een regiune prin intermediul intermediarilor s\u0103i. Mul\u021bi iranieni din \u021bar\u0103 \u0219i din \u00eentreaga lume au s\u0103rb\u0103torit moartea lui Khamenei.<\/p>\n<p id=\"p-21\">Poporul iranian merit\u0103 libertate, demnitate \u0219i dreptul de a-\u0219i decide propriul viitor, chiar dac\u0103 \u0219tim c\u0103 acest lucru va fi plin de pericole \u0219i instabilitate \u00een timpul \u0219i dup\u0103 r\u0103zboi\u201d<\/p>\n<p id=\"p-22\">Pre\u0219edintele Comisiei Europene a anun\u021bat c\u0103 Europa va fi \u00eentotdeauna al\u0103turi de Ucraina \u0219i a vorbit \u0219i despre situa\u021bia tragic\u0103 din Gaza.<\/p>\n","protected":false},"excerpt":{"rendered":"<p>Ursula von der Leyen: \u201eEuropa nu mai poate fi gardianul vechii ordini mondiale. Este o lume care a disp\u0103rut \u0219i nu se va mai \u00eentoarce\u201d \u201eEuropa nu mai poate fi &hellip; <a href=\"https:\/\/microscopemedia.com\/?p=680849\" class=\"more-link\">Read More<\/a><\/p>\n","protected":false},"author":1,"featured_media":680850,"comment_status":"closed","ping_status":"closed","sticky":false,"template":"Default","format":"standard","meta":[],"categories":[1],"tags":[],"_links":{"self":[{"href":"https:\/\/microscopemedia.com\/index.php?rest_route=\/wp\/v2\/posts\/680849"}],"collection":[{"href":"https:\/\/microscopemedia.com\/index.php?rest_route=\/wp\/v2\/posts"}],"about":[{"href":"https:\/\/microscopemedia.com\/index.php?rest_route=\/wp\/v2\/types\/post"}],"author":[{"embeddable":true,"href":"https:\/\/microscopemedia.com\/index.php?rest_route=\/wp\/v2\/users\/1"}],"replies":[{"embeddable":true,"href":"https:\/\/microscopemedia.com\/index.php?rest_route=%2Fwp%2Fv2%2Fcomments&post=680849"}],"version-history":[{"count":0,"href":"https:\/\/microscopemedia.com\/index.php?rest_route=\/wp\/v2\/posts\/680849\/revisions"}],"wp:featuredmedia":[{"embeddable":true,"href":"https:\/\/microscopemedia.com\/index.php?rest_route=\/wp\/v2\/media\/680850"}],"wp:attachment":[{"href":"https:\/\/microscopemedia.com\/index.php?rest_route=%2Fwp%2Fv2%2Fmedia&parent=680849"}],"wp:term":[{"taxonomy":"category","embeddable":true,"href":"https:\/\/microscopemedia.com\/index.php?rest_route=%2Fwp%2Fv2%2Fcategories&post=680849"},{"taxonomy":"post_tag","embeddable":true,"href":"https:\/\/microscopemedia.com\/index.php?rest_route=%2Fwp%2Fv2%2Ftags&post=680849"}],"curies":[{"name":"wp","href":"https:\/\/api.w.org\/{rel}","templated":true}]}}