{"id":680851,"date":"2026-03-09T10:26:04","date_gmt":"2026-03-09T10:26:04","guid":{"rendered":"https:\/\/microscopemedia.com\/?p=680851"},"modified":"2026-03-09T10:26:04","modified_gmt":"2026-03-09T10:26:04","slug":"sorin-grindeanu-pune-conditii-usr-ului-fara-pensii-speciale-nu-trece-avocatul-poporului","status":"publish","type":"post","link":"https:\/\/microscopemedia.com\/?p=680851","title":{"rendered":"Sorin Grindeanu pune condi\u021bii USR-ului. F\u0103r\u0103 pensii speciale, nu trece Avocatul Poporului"},"content":{"rendered":"<div><img decoding=\"async\" src=\"https:\/\/microscopemedia.com\/wp-content\/uploads\/2026\/03\/sorin-grindeanu-pune-conditii-usr-ului-fara-pensii-speciale-nu-trece-avocatul-poporului.jpg\" class=\"ff-og-image-inserted\"><\/div>\n<p data-start=\"250\" data-end=\"520\" id=\"p-0\">Acesta a precizat c\u0103 PSD este de acord ca propunerea s\u0103 fie f\u0103cut\u0103 de USR, \u00eens\u0103 nu \u0219i cu numele avansate p\u00e2n\u0103 \u00een prezent. Potrivit liderului social-democrat, pozi\u021bia partidului este ferm\u0103 \u0219i a fost anun\u021bat\u0103 public, f\u0103r\u0103 inten\u021bia de a fi schimbat\u0103 la votul din Parlament.<\/p>\n<p data-start=\"522\" data-end=\"828\" id=\"p-1\">PSD cere ca USR s\u0103 vin\u0103 cu o alt\u0103 nominalizare, condi\u021bia esen\u021bial\u0103 fiind ca persoana propus\u0103 s\u0103 nu beneficieze de pensie special\u0103. Liderul partidului a subliniat c\u0103 USR a sus\u021binut ani la r\u00e2nd eliminarea privilegiilor de acest tip, iar acum ar trebui s\u0103 aplice aceste principii chiar \u00een propriile propuneri.<\/p>\n<p data-start=\"830\" data-end=\"1051\" id=\"p-2\">\u201eDac\u0103 tot au sus\u021binut aceste chestiuni, ar trebui s\u0103 \u00eenceap\u0103 cu ei\u201d, a transmis liderul PSD, ar\u0103t\u00e2nd c\u0103 exist\u0103, \u00een mod cert, persoane \u00een USR care \u00eendeplinesc criteriile profesionale necesare \u0219i care nu au pensii speciale.<\/p>\n","protected":false},"excerpt":{"rendered":"<p>Acesta a precizat c\u0103 PSD este de acord ca propunerea s\u0103 fie f\u0103cut\u0103 de USR, \u00eens\u0103 nu \u0219i cu numele avansate p\u00e2n\u0103 \u00een prezent. Potrivit liderului social-democrat, pozi\u021bia partidului este &hellip; <a href=\"https:\/\/microscopemedia.com\/?p=680851\" class=\"more-link\">Read More<\/a><\/p>\n","protected":false},"author":1,"featured_media":680852,"comment_status":"closed","ping_status":"closed","sticky":false,"template":"Default","format":"standard","meta":[],"categories":[1],"tags":[],"_links":{"self":[{"href":"https:\/\/microscopemedia.com\/index.php?rest_route=\/wp\/v2\/posts\/680851"}],"collection":[{"href":"https:\/\/microscopemedia.com\/index.php?rest_route=\/wp\/v2\/posts"}],"about":[{"href":"https:\/\/microscopemedia.com\/index.php?rest_route=\/wp\/v2\/types\/post"}],"author":[{"embeddable":true,"href":"https:\/\/microscopemedia.com\/index.php?rest_route=\/wp\/v2\/users\/1"}],"replies":[{"embeddable":true,"href":"https:\/\/microscopemedia.com\/index.php?rest_route=%2Fwp%2Fv2%2Fcomments&post=680851"}],"version-history":[{"count":0,"href":"https:\/\/microscopemedia.com\/index.php?rest_route=\/wp\/v2\/posts\/680851\/revisions"}],"wp:featuredmedia":[{"embeddable":true,"href":"https:\/\/microscopemedia.com\/index.php?rest_route=\/wp\/v2\/media\/680852"}],"wp:attachment":[{"href":"https:\/\/microscopemedia.com\/index.php?rest_route=%2Fwp%2Fv2%2Fmedia&parent=680851"}],"wp:term":[{"taxonomy":"category","embeddable":true,"href":"https:\/\/microscopemedia.com\/index.php?rest_route=%2Fwp%2Fv2%2Fcategories&post=680851"},{"taxonomy":"post_tag","embeddable":true,"href":"https:\/\/microscopemedia.com\/index.php?rest_route=%2Fwp%2Fv2%2Ftags&post=680851"}],"curies":[{"name":"wp","href":"https:\/\/api.w.org\/{rel}","templated":true}]}}