{"id":680857,"date":"2026-03-09T10:56:03","date_gmt":"2026-03-09T10:56:03","guid":{"rendered":"https:\/\/microscopemedia.com\/?p=680857"},"modified":"2026-03-09T10:56:03","modified_gmt":"2026-03-09T10:56:03","slug":"mae-romanii-din-statele-afectate-de-conflict-pot-parasi-tarile-respective-chiar-daca-le-au-expirat-actele-sau-vizele","status":"publish","type":"post","link":"https:\/\/microscopemedia.com\/?p=680857","title":{"rendered":"MAE: Rom\u00e2nii din statele afectate de conflict pot p\u0103r\u0103si \u021b\u0103rile respective chiar dac\u0103 le-au expirat actele sau vizele"},"content":{"rendered":"<div><img decoding=\"async\" src=\"https:\/\/microscopemedia.com\/wp-content\/uploads\/2026\/03\/mae-romanii-din-statele-afectate-de-conflict-pot-parasi-tarile-respective-chiar-daca-le-au-expirat-actele-sau-vizele.jpg\" class=\"ff-og-image-inserted\"><\/div>\n<p id=\"p-0\">Ministerul Afacerilor Externe a anun\u021bat c\u0103 rom\u00e2nii afla\u021bi \u00een statele afectate de conflictul din Orientul Mijlociu pot p\u0103r\u0103si aceste \u021b\u0103ri chiar dac\u0103 documentele sau vizele le-au expirat, dup\u0103 ce autorit\u0103\u021bile rom\u00e2ne au ob\u021binut acordul statelor din regiune pentru a facilita tranzitul.<\/p>\n<p id=\"p-1\">Declara\u021biile au fost f\u0103cute luni, \u00eentr-un <a href=\"https:\/\/www.facebook.com\/watch\/live\/?ref=watch_permalink&amp;v=1562136924896035\" target=\"_blank\" rel=\"noopener\">briefing de pres\u0103<\/a> sus\u021binut de Andrei \u021a\u0103rnea, director general pentru comunicare \u0219i diploma\u021bie public\u0103 \u0219i purt\u0103tor de cuv\u00e2nt al Ministerului Afacerilor Externe.<\/p>\n<h2 id=\"chapter-0\">Documente expirate, acceptate temporar<\/h2>\n<p id=\"p-2\">Potrivit oficialului MAE, autorit\u0103\u021bile rom\u00e2ne au discutat cu statele din regiune pentru ca documentele rom\u00e2ne\u0219ti expirate recent s\u0103 fie acceptate temporar.<\/p>\n<p id=\"p-3\">\u201eNe-am asigurat c\u0103 autorit\u0103\u021bile statelor din regiune recunosc documente rom\u00e2ne\u0219ti a c\u0103ror valabilitate a expirat \u00eentr-un timp rezonabil, de \u0219ase luni sau un an. De asemenea, ne-am asigurat c\u0103 persoanele c\u0103rora le-au expirat vizele \u00een aceast\u0103 perioad\u0103 s\u0103 nu aib\u0103 probleme la trecerea frontierelor \u0219i s\u0103 poat\u0103 p\u0103r\u0103si statele respective\u201d, a declarat reprezentantul MAE.<\/p>\n<p id=\"p-4\">Cet\u0103\u021benii rom\u00e2ni pot p\u0103r\u0103si zona fie cu zboruri comerciale, fie cu curse de evacuare organizate de Rom\u00e2nia sau de alte state membre, prin mecanismele de cooperare consular\u0103.<\/p>\n<h2 id=\"chapter-1\">Personalul consular din regiune, suplimentat<\/h2>\n<p id=\"p-5\">\u00cen acela\u0219i timp, activitatea consulatelor continu\u0103, \u00eens\u0103 serviciile care nu au leg\u0103tur\u0103 direct\u0103 cu evacuarea au fost reduse pentru a permite gestionarea situa\u021biilor urgente.<\/p>\n<p id=\"p-6\">MAE a anun\u021bat \u0219i suplimentarea personalului consular din regiune. Un consul a fost trimis deja la Dubai, iar al\u021bi patru diploma\u021bi au fost deta\u0219a\u021bi \u00een Emiratele Arabe Unite, la Dubai \u0219i Abu Dhabi, dar \u0219i \u00een Oman \u0219i Arabia Saudit\u0103.<\/p>\n<p id=\"p-7\">Al\u021bi \u0219ase sau \u0219apte func\u021bionari consulari au fost mobiliza\u021bi at\u00e2t la nivel central, c\u00e2t \u0219i \u00een misiunile din regiune, pentru a sprijini opera\u021biunile de evacuare \u0219i emiterea documentelor pentru rom\u00e2nii afla\u021bi \u00een zon\u0103.<\/p>\n<p id=\"p-8\">Oficialii MAE au mul\u021bumit personalului consular pentru efortul depus, ar\u0103t\u00e2nd c\u0103 mul\u021bi dintre ace\u0219tia lucreaz\u0103 de peste nou\u0103 zile f\u0103r\u0103 \u00eentrerupere pentru a r\u0103spunde solicit\u0103rilor cet\u0103\u021benilor rom\u00e2ni.<\/p>\n<p id=\"p-9\">Potrivit datelor comunicate anterior de minister, aproximativ 14.000 de cet\u0103\u021beni rom\u00e2ni afla\u021bi \u00een zona afectat\u0103 de conflict sunt \u00een aten\u021bia serviciilor consulare. <a href=\"https:\/\/www.mediafax.ro\/politic\/romania-are-noi-zboruri-rezervate-prin-mecanismul-resceu-pentru-repatrieri-din-orientul-mijlociu-23699571\">Aproximativ 2.000 de rom\u00e2ni s-au \u00eentors din Orientul Mijlociu<\/a> fie cu zboruri de evacuare, fie cu zboruri de repatriere asistat\u0103 sau comerciale facilitate de stat, a transmis \u021a\u0103rnea. Separat, aproximativ 1.500 de cet\u0103\u021beni au revenit prin mijloace proprii.<\/p>\n","protected":false},"excerpt":{"rendered":"<p>Ministerul Afacerilor Externe a anun\u021bat c\u0103 rom\u00e2nii afla\u021bi \u00een statele afectate de conflictul din Orientul Mijlociu pot p\u0103r\u0103si aceste \u021b\u0103ri chiar dac\u0103 documentele sau vizele le-au expirat, dup\u0103 ce autorit\u0103\u021bile &hellip; <a href=\"https:\/\/microscopemedia.com\/?p=680857\" class=\"more-link\">Read More<\/a><\/p>\n","protected":false},"author":1,"featured_media":680858,"comment_status":"closed","ping_status":"closed","sticky":false,"template":"Default","format":"standard","meta":[],"categories":[1],"tags":[],"_links":{"self":[{"href":"https:\/\/microscopemedia.com\/index.php?rest_route=\/wp\/v2\/posts\/680857"}],"collection":[{"href":"https:\/\/microscopemedia.com\/index.php?rest_route=\/wp\/v2\/posts"}],"about":[{"href":"https:\/\/microscopemedia.com\/index.php?rest_route=\/wp\/v2\/types\/post"}],"author":[{"embeddable":true,"href":"https:\/\/microscopemedia.com\/index.php?rest_route=\/wp\/v2\/users\/1"}],"replies":[{"embeddable":true,"href":"https:\/\/microscopemedia.com\/index.php?rest_route=%2Fwp%2Fv2%2Fcomments&post=680857"}],"version-history":[{"count":0,"href":"https:\/\/microscopemedia.com\/index.php?rest_route=\/wp\/v2\/posts\/680857\/revisions"}],"wp:featuredmedia":[{"embeddable":true,"href":"https:\/\/microscopemedia.com\/index.php?rest_route=\/wp\/v2\/media\/680858"}],"wp:attachment":[{"href":"https:\/\/microscopemedia.com\/index.php?rest_route=%2Fwp%2Fv2%2Fmedia&parent=680857"}],"wp:term":[{"taxonomy":"category","embeddable":true,"href":"https:\/\/microscopemedia.com\/index.php?rest_route=%2Fwp%2Fv2%2Fcategories&post=680857"},{"taxonomy":"post_tag","embeddable":true,"href":"https:\/\/microscopemedia.com\/index.php?rest_route=%2Fwp%2Fv2%2Ftags&post=680857"}],"curies":[{"name":"wp","href":"https:\/\/api.w.org\/{rel}","templated":true}]}}