{"id":680859,"date":"2026-03-09T11:06:04","date_gmt":"2026-03-09T11:06:04","guid":{"rendered":"https:\/\/microscopemedia.com\/?p=680859"},"modified":"2026-03-09T11:06:04","modified_gmt":"2026-03-09T11:06:04","slug":"mircea-abrudean-discutiile-privind-avocatul-poporului-trebuie-clarificate-in-coalitie-inainte-de-votul-din-parlament","status":"publish","type":"post","link":"https:\/\/microscopemedia.com\/?p=680859","title":{"rendered":"Mircea Abrudean: Discu\u021biile privind Avocatul Poporului trebuie clarificate \u00een coali\u021bie \u00eenainte de votul din Parlament"},"content":{"rendered":"<div><img decoding=\"async\" src=\"https:\/\/microscopemedia.com\/wp-content\/uploads\/2026\/03\/mircea-abrudean-discutiile-privind-avocatul-poporului-trebuie-clarificate-in-coalitie-inainte-de-votul-din-parlament.jpg\" class=\"ff-og-image-inserted\"><\/div>\n<p data-start=\"393\" data-end=\"718\" id=\"p-0\">\u201eCred c\u0103 e o discu\u021bie de coali\u021bie. A fost un acord anterior \u0219i b\u0103nuiesc c\u0103 nu vom ajunge la situa\u021bia \u00een care \u00een plenul reunit s\u0103 existe lips\u0103 de coordonare, cel pu\u021bin la nivelul coali\u021biei. Este o pozi\u021bie foarte important\u0103 pentru Rom\u00e2nia, care a fost discutat\u0103 \u0219i agreat\u0103 la nivelul majorit\u0103\u021bii parlamentare\u201d, a spus Abrudean.<\/p>\n<h2 data-section-id=\"1g09ngc\" data-start=\"720\" data-end=\"758\" id=\"chapter-0\">PSD cere schimbarea propunerii USR<\/h2>\n<p data-start=\"760\" data-end=\"1007\" id=\"p-1\">Declara\u021biile vin \u00een contextul \u00een care liderii PSD au anun\u021bat c\u0103 nu vor sus\u021bine actuala propunere pentru func\u021bia de Avocat al Poporului, chiar dac\u0103, potrivit negocierilor din coali\u021bie, nominalizarea revine <strong data-start=\"965\" data-end=\"1006\"><span class=\"hover:entity-accent entity-underline inline cursor-pointer align-baseline\"><span class=\"whitespace-normal\">Uniunea Salva\u021bi Rom\u00e2nia<\/span><\/span><\/strong>.<\/p>\n<p data-start=\"1009\" data-end=\"1232\" id=\"p-2\">Social-democra\u021bii au precizat c\u0103 sunt de acord ca USR s\u0103 fac\u0103 nominalizarea, \u00eens\u0103 solicit\u0103 un alt candidat dec\u00e2t cele vehiculate p\u00e2n\u0103 acum, invoc\u00e2nd faptul c\u0103 persoana propus\u0103 nu ar trebui s\u0103 beneficieze de pensie special\u0103.<\/p>\n<p data-start=\"1234\" data-end=\"1316\" id=\"p-3\">USR o sus\u021bine pentru aceast\u0103 func\u021bie pe <strong data-start=\"1274\" data-end=\"1315\"><span class=\"hover:entity-accent entity-underline inline cursor-pointer align-baseline\"><span class=\"whitespace-normal\">Roxana Rizoiu<\/span><\/span><\/strong>.<\/p>\n<h2 data-section-id=\"uvf4sq\" data-start=\"1318\" data-end=\"1370\" id=\"chapter-1\">Posibil impact asupra calendarului din Parlament<\/h2>\n<p data-start=\"1372\" data-end=\"1570\" id=\"p-4\">\u00centrebat ce s-ar \u00eent\u00e2mpla dac\u0103 <a href=\"https:\/\/www.mediafax.ro\/politic\/sorin-grindeanu-pune-conditii-usr-ului-fara-pensii-speciale-nu-trece-avocatul-poporului-23699552\">PSD<\/a> ar cere oficial schimbarea candidatului, Abrudean a spus c\u0103 decizia apar\u021bine \u00een primul r\u00e2nd USR, dar o astfel de situa\u021bie ar putea complica procedura parlamentar\u0103.<\/p>\n<p data-start=\"1572\" data-end=\"1923\" id=\"p-5\">\u201eA fost stabilit un calendar, cu termene pentru depunerea candidaturilor \u0219i cu audieri \u00een comisii. Dac\u0103 se schimb\u0103 propunerea, procedura devine mai complicat\u0103 \u0219i ar putea \u00eensemna c\u0103 m\u00e2ine nu s-ar mai putea discuta subiectul pe ordinea de zi a plenului reunit, a\u0219a cum a fost aprobat \u00een Birourile Permanente Reunite\u201d, a explicat pre\u0219edintele Senatului.<\/p>\n<h2 data-section-id=\"19z0pss\" data-start=\"1925\" data-end=\"1974\" id=\"chapter-2\">Decizia final\u0103 apar\u021bine votului din Parlament<\/h2>\n<p data-start=\"1976\" data-end=\"2160\" id=\"p-6\">\u00centrebat dac\u0103 PSD are dreptul s\u0103 cear\u0103 schimbarea candidatului, Abrudean a subliniat c\u0103 \u00een politic\u0103 fiecare partid poate formula solicit\u0103ri, \u00eens\u0103 decizia final\u0103 apar\u021bine Parlamentului.<\/p>\n<p data-start=\"2162\" data-end=\"2280\" id=\"p-7\">\u201eFiecare are dreptul s\u0103 cear\u0103 ce vrea. Important este ce se decide p\u00e2n\u0103 la urm\u0103 \u0219i votul din Parlament\u201d, a afirmat el.<\/p>\n<p data-start=\"2282\" data-end=\"2458\" id=\"p-8\">Pre\u0219edintele Senatului a mai spus c\u0103, din punctul de vedere al <strong data-start=\"2345\" data-end=\"2386\"><span class=\"hover:entity-accent entity-underline inline cursor-pointer align-baseline\"><span class=\"whitespace-normal\">Partidului Na\u021bional Liberal<\/span><\/span><\/strong>, nu au existat p\u00e2n\u0103 acum probleme legate de candidatura Roxanei Rizoiu.<\/p>\n<p data-start=\"2460\" data-end=\"2685\" data-is-last-node data-is-only-node id=\"p-9\">\u201eDac\u0103 \u00eendepline\u0219te condi\u021biile, trece de audieri, vine la plen \u0219i va fi votul. Nu am dezb\u0103tut acest subiect \u00een detaliu, dar p\u00e2n\u0103 \u00een acest moment nu am v\u0103zut s\u0103 existe vreo problem\u0103 din perspectiva noastr\u0103\u201d, a ad\u0103ugat Abrudean.<\/p>\n","protected":false},"excerpt":{"rendered":"<p>\u201eCred c\u0103 e o discu\u021bie de coali\u021bie. A fost un acord anterior \u0219i b\u0103nuiesc c\u0103 nu vom ajunge la situa\u021bia \u00een care \u00een plenul reunit s\u0103 existe lips\u0103 de coordonare, &hellip; <a href=\"https:\/\/microscopemedia.com\/?p=680859\" class=\"more-link\">Read More<\/a><\/p>\n","protected":false},"author":1,"featured_media":680860,"comment_status":"closed","ping_status":"closed","sticky":false,"template":"Default","format":"standard","meta":[],"categories":[1],"tags":[],"_links":{"self":[{"href":"https:\/\/microscopemedia.com\/index.php?rest_route=\/wp\/v2\/posts\/680859"}],"collection":[{"href":"https:\/\/microscopemedia.com\/index.php?rest_route=\/wp\/v2\/posts"}],"about":[{"href":"https:\/\/microscopemedia.com\/index.php?rest_route=\/wp\/v2\/types\/post"}],"author":[{"embeddable":true,"href":"https:\/\/microscopemedia.com\/index.php?rest_route=\/wp\/v2\/users\/1"}],"replies":[{"embeddable":true,"href":"https:\/\/microscopemedia.com\/index.php?rest_route=%2Fwp%2Fv2%2Fcomments&post=680859"}],"version-history":[{"count":0,"href":"https:\/\/microscopemedia.com\/index.php?rest_route=\/wp\/v2\/posts\/680859\/revisions"}],"wp:featuredmedia":[{"embeddable":true,"href":"https:\/\/microscopemedia.com\/index.php?rest_route=\/wp\/v2\/media\/680860"}],"wp:attachment":[{"href":"https:\/\/microscopemedia.com\/index.php?rest_route=%2Fwp%2Fv2%2Fmedia&parent=680859"}],"wp:term":[{"taxonomy":"category","embeddable":true,"href":"https:\/\/microscopemedia.com\/index.php?rest_route=%2Fwp%2Fv2%2Fcategories&post=680859"},{"taxonomy":"post_tag","embeddable":true,"href":"https:\/\/microscopemedia.com\/index.php?rest_route=%2Fwp%2Fv2%2Ftags&post=680859"}],"curies":[{"name":"wp","href":"https:\/\/api.w.org\/{rel}","templated":true}]}}