{"id":680875,"date":"2026-03-09T12:46:04","date_gmt":"2026-03-09T12:46:04","guid":{"rendered":"https:\/\/microscopemedia.com\/?p=680875"},"modified":"2026-03-09T12:46:04","modified_gmt":"2026-03-09T12:46:04","slug":"cer-negru-ploaie-acida-si-aer-otravit-ce-traiesc-acum-cei-10-milioane-de-locuitori-ai-teheranului-video","status":"publish","type":"post","link":"https:\/\/microscopemedia.com\/?p=680875","title":{"rendered":"Cer negru, ploaie acid\u0103 \u0219i aer otr\u0103vit: ce tr\u0103iesc acum cei 10 milioane de locuitori ai Teheranului. VIDEO"},"content":{"rendered":"<div><img decoding=\"async\" src=\"https:\/\/microscopemedia.com\/wp-content\/uploads\/2026\/03\/cer-negru-ploaie-acida-si-aer-otravit-ce-traiesc-acum-cei-10-milioane-de-locuitori-ai-teheranului-video.jpg\" class=\"ff-og-image-inserted\"><\/div>\n<p class=\"font-claude-response-body break-words whitespace-normal leading-[1.7]\" id=\"p-0\">Oamenii din Teheran s-au trezit acoperi\u021bi de funingine. Soarele era invizibil. Oamenii au aprins luminile \u00een case pentru a vedea \u00een \u00eentuneric.<\/p>\n<p class=\"font-claude-response-body break-words whitespace-normal leading-[1.7]\" id=\"p-1\">Patru depozite de petrol bombardate, un ora\u0219 de 10 milioane de oameni sufocat de fum toxic \u0219i ploi acide. Locuitorii Teheranului povestesc pentru <a href=\"https:\/\/www.theguardian.com\/world\/2026\/mar\/08\/dark-like-our-future-iranians-describe-scenes-of-catastrophe-after-tehrans-oil-depots-bombed\" target=\"_blank\" rel=\"noopener\">Guardian<\/a> cum arat\u0103 capitala Iranului dup\u0103 atacuri.<\/p>\n<blockquote class=\"twitter-tweet\" readability=\"8.6684782608696\">\n<p dir=\"ltr\" lang=\"en\" id=\"p-2\">Black rain has fallen over Tehran after strikes on oil facilities, coating streets and rooftops in dark, oily water<a href=\"https:\/\/t.co\/It8U6SCvaY\">pic.twitter.com\/It8U6SCvaY<\/a><\/p>\n<p id=\"p-3\">\u2014 Massimo (@Rainmaker1973) <a href=\"https:\/\/twitter.com\/Rainmaker1973\/status\/2030714247697588699?ref_src=twsrc%5Etfw\">March 8, 2026<\/a><\/p>\n<\/blockquote>\n<p id=\"p-4\">&nbsp;<\/p>\n<p class=\"font-claude-response-body break-words whitespace-normal leading-[1.7]\" id=\"p-5\">\u0218ase persoane au fost ucise \u0219i 20 r\u0103nite la unul dintre depozitele lovite. Autorit\u0103\u021bile au avertizat asupra riscului de ploaie acid\u0103 toxic\u0103.<\/p>\n<p class=\"font-claude-response-body break-words whitespace-normal leading-[1.7]\" id=\"p-6\">Negin, activist\u0103 \u0219i fost\u0103 de\u021binut\u0103 politic\u0103, a descris situa\u021bia drept \u201eapocaliptic\u0103\u201d. \u201eFumul a acoperit \u00eentregul ora\u0219. Am dificult\u0103\u021bi severe de respira\u021bie \u0219i arsuri la ochi \u0219i g\u00e2t.\u201d<\/p>\n<h2 class=\"text-text-100 mt-3 -mb-1 text-[1.125rem] font-bold\" id=\"chapter-0\">Toxic \u00een aer, \u00een ap\u0103, \u00een ploaie<\/h2>\n<p class=\"font-claude-response-body break-words whitespace-normal leading-[1.7]\" id=\"p-7\">Semiluna Ro\u0219ie <a href=\"https:\/\/www.mediafax.ro\/externe\/insula-kharg-punctul-vital-al-petrolului-iranian-ar-putea-deveni-tinta-sua-23699596\">iranian\u0103<\/a> a avertizat c\u0103 substan\u021bele chimice pot afecta pielea \u0219i pl\u0103m\u00e2nii. Locuitorii au fost sf\u0103tui\u021bi s\u0103 nu porneasc\u0103 aparatele de aer condi\u021bionat \u0219i s\u0103 protejeze alimentele expuse.<\/p>\n<p class=\"font-claude-response-body break-words whitespace-normal leading-[1.7]\" id=\"p-8\">Un medic iranian stabilit \u00een Marea Britanie a avertizat c\u0103 particulele fine pot agrava astmul \u0219i bolile pulmonare. Pot cre\u0219te \u0219i riscul unor forme de cancer.<\/p>\n<p class=\"font-claude-response-body break-words whitespace-normal leading-[1.7]\" id=\"p-9\">M\u0103\u0219tile au disp\u0103rut rapid din farmacii. \u201eChiar \u0219i m\u0103\u0219tile sunt greu de g\u0103sit\u201d, spune Negin.<\/p>\n<p class=\"font-claude-response-body break-words whitespace-normal leading-[1.7]\" id=\"p-10\">Mehdi, proprietar de restaurant \u00een vestul ora\u0219ului, compar\u0103 teroarea cu pandemia de Covid. \u201eNe este at\u00e2t de fric\u0103 \u00eenc\u00e2t nici m\u0103car nu \u00eendr\u0103znim s\u0103 cur\u0103\u021b\u0103m ferestrele\u201d.<\/p>\n<p class=\"font-claude-response-body break-words whitespace-normal leading-[1.7]\" id=\"p-11\">El refuz\u0103 s\u0103 serveasc\u0103 m\u00e2ncare p\u00e2n\u0103 c\u00e2nd nu \u0219tie c\u0103 apa este sigur\u0103. \u201eCrede\u021bi-m\u0103, suntem pe cont propriu\u201d.<\/p>\n<h2 class=\"text-text-100 mt-3 -mb-1 text-[1.125rem] font-bold\" id=\"chapter-1\">Teheran: Fuga din ora\u0219ul \u00een fl\u0103c\u0103ri<\/h2>\n<p class=\"font-claude-response-body break-words whitespace-normal leading-[1.7]\" id=\"p-12\">Mehnaz, 39 de ani, a \u00eencercat s\u0103 fug\u0103 \u00een miez de noapte. Internetul fusese t\u0103iat de autorit\u0103\u021bi. Nu \u0219tia ce fusese lovit \u0219i unde.<\/p>\n<p class=\"font-claude-response-body break-words whitespace-normal leading-[1.7]\" id=\"p-13\">A reu\u0219it s\u0103 plece duminic\u0103 la pr\u00e2nz, dup\u0103 ore de a\u0219teptat la coad\u0103 pentru c\u00e2\u021biva litri de benzin\u0103 ra\u021bionalizat\u0103.<\/p>\n<p class=\"font-claude-response-body break-words whitespace-normal leading-[1.7]\" id=\"p-14\">\u201eDepozitul \u00eenc\u0103 ardea. Noaptea p\u0103rea zi, iar ziua p\u0103rea noapte. At\u00e2t de \u00eentunecat\u0103, la fel ca viitorul nostru\u201d.<\/p>\n<div data-test-render-count=\"1\">\n<div class=\"group\">\n<div class=\"contents\">\n<div class=\"group relative relative pb-3\" data-is-streaming=\"false\">\n<div class=\"font-claude-response relative leading-[1.65rem] [&amp;_pre>div]:bg-bg-000\/50 [&amp;_pre>div]:border-0.5 [&amp;_pre>div]:border-border-400 [&amp;_.ignore-pre-bg>div]:bg-transparent [&amp;_.standard-markdown_:is(p,blockquote,h1,h2,h3,h4,h5,h6)]:pl-2 [&amp;_.standard-markdown_:is(p,blockquote,ul,ol,h1,h2,h3,h4,h5,h6)]:pr-8 [&amp;_.progressive-markdown_:is(p,blockquote,h1,h2,h3,h4,h5,h6)]:pl-2 [&amp;_.progressive-markdown_:is(p,blockquote,ul,ol,h1,h2,h3,h4,h5,h6)]:pr-8&#8243;><\/p>\n<div readability=\"6.5\">\n<div class=\"standard-markdown grid-cols-1 grid [&amp;_>_*]:min-w-0 gap-3 standard-markdown&#8221; readability=&#8221;8&#8243;><\/p>\n<p class=\"font-claude-response-body break-words whitespace-normal leading-[1.7]\" id=\"p-15\">Autorit\u0103\u021bile iraniene au recomandat purtarea m\u0103\u0219tilor \u00een exterior. Guvernatorul Teheranului a cerut popula\u021biei s\u0103 evite expunerea prelungit\u0103 la aer liber.<\/p>\n<\/div>\n<\/div>\n<\/div>\n<\/div>\n<\/div>\n<\/div>\n<\/div>\n","protected":false},"excerpt":{"rendered":"<p>Oamenii din Teheran s-au trezit acoperi\u021bi de funingine. Soarele era invizibil. Oamenii au aprins luminile \u00een case pentru a vedea \u00een \u00eentuneric. Patru depozite de petrol bombardate, un ora\u0219 de &hellip; <a href=\"https:\/\/microscopemedia.com\/?p=680875\" class=\"more-link\">Read More<\/a><\/p>\n","protected":false},"author":1,"featured_media":680876,"comment_status":"closed","ping_status":"closed","sticky":false,"template":"Default","format":"standard","meta":[],"categories":[1],"tags":[],"_links":{"self":[{"href":"https:\/\/microscopemedia.com\/index.php?rest_route=\/wp\/v2\/posts\/680875"}],"collection":[{"href":"https:\/\/microscopemedia.com\/index.php?rest_route=\/wp\/v2\/posts"}],"about":[{"href":"https:\/\/microscopemedia.com\/index.php?rest_route=\/wp\/v2\/types\/post"}],"author":[{"embeddable":true,"href":"https:\/\/microscopemedia.com\/index.php?rest_route=\/wp\/v2\/users\/1"}],"replies":[{"embeddable":true,"href":"https:\/\/microscopemedia.com\/index.php?rest_route=%2Fwp%2Fv2%2Fcomments&post=680875"}],"version-history":[{"count":0,"href":"https:\/\/microscopemedia.com\/index.php?rest_route=\/wp\/v2\/posts\/680875\/revisions"}],"wp:featuredmedia":[{"embeddable":true,"href":"https:\/\/microscopemedia.com\/index.php?rest_route=\/wp\/v2\/media\/680876"}],"wp:attachment":[{"href":"https:\/\/microscopemedia.com\/index.php?rest_route=%2Fwp%2Fv2%2Fmedia&parent=680875"}],"wp:term":[{"taxonomy":"category","embeddable":true,"href":"https:\/\/microscopemedia.com\/index.php?rest_route=%2Fwp%2Fv2%2Fcategories&post=680875"},{"taxonomy":"post_tag","embeddable":true,"href":"https:\/\/microscopemedia.com\/index.php?rest_route=%2Fwp%2Fv2%2Ftags&post=680875"}],"curies":[{"name":"wp","href":"https:\/\/api.w.org\/{rel}","templated":true}]}}