{"id":680885,"date":"2026-03-09T13:46:04","date_gmt":"2026-03-09T13:46:04","guid":{"rendered":"https:\/\/microscopemedia.com\/?p=680885"},"modified":"2026-03-09T13:46:04","modified_gmt":"2026-03-09T13:46:04","slug":"aur-propune-scaderea-tva-la-combustibili-de-la-21-la-5-in-primele-trei-luni-apoi-la-9","status":"publish","type":"post","link":"https:\/\/microscopemedia.com\/?p=680885","title":{"rendered":"AUR propune sc\u0103derea TVA la combustibili. De la 21% la 5% \u00een primele trei luni, apoi la 9%"},"content":{"rendered":"<div><img decoding=\"async\" src=\"https:\/\/microscopemedia.com\/wp-content\/uploads\/2026\/03\/aur-propune-scaderea-tva-la-combustibili-de-la-21-la-5-in-primele-trei-luni-apoi-la-9.jpg\" class=\"ff-og-image-inserted\"><\/div>\n<p data-start=\"464\" data-end=\"797\" id=\"p-0\">Potrivit proiectului, prima etap\u0103, aplicat\u0103 timp de trei luni, prevede reducerea TVA de la 21% la 5%.<\/p>\n<p data-start=\"464\" data-end=\"797\" id=\"p-1\">\u201eAceasta este treapta de urgen\u021b\u0103. Protejeaz\u0103 imediat consumatorii, fermierii afla\u021bi \u00een campania agricol\u0103 de prim\u0103var\u0103 \u0219i transportatorii care pl\u0103tesc azi cu 35% mai mult pe motorin\u0103\u201d, a declarat deputatul AUR Florin Popovici.<\/p>\n<p data-start=\"799\" data-end=\"1051\" id=\"p-2\">\u00cencep\u00e2nd din a patra lun\u0103, TVA va reveni la 9%, men\u021bion\u00e2ndu-se c\u0103 pre\u021bul r\u0103m\u00e2ne semnificativ sub nivelul actual. Deputatul AUR a explicat c\u0103 efectele pozitive generate de reducerea temporar\u0103 a TVA se vor resim\u021bi \u00een economie cu un decalaj de 2-3 luni.<\/p>\n<p data-start=\"1053\" data-end=\"1392\" id=\"p-3\">Popovici sus\u021bine c\u0103 m\u0103sura are \u0219i un efect anti-infla\u021bionist, reduc\u00e2nd infla\u021bia cu 0,8\u20132 puncte procentuale, \u00een timp ce PIB-ul ar putea cre\u0219te cu 0,5\u20130,8%, iar datoria public\u0103 ar r\u0103m\u00e2ne la 56% din PIB. El a avertizat c\u0103 neinterven\u021bia ar putea conduce la cre\u0219terea infla\u021biei cu 12\u201314% \u0219i la majorarea ratelor la credite cu 200\u2013400 de lei.<\/p>\n<p data-start=\"1394\" data-end=\"1618\" id=\"p-4\">Deputatul AUR a citat exemple din alte state UE, precum Polonia, Germania, Belgia, Spania \u0219i Irlanda, care au aplicat reduceri de TVA la combustibili \u00een perioada crizei energetice din 2022, sub aprobarea Comisiei Europene.<\/p>\n<p data-start=\"1620\" data-end=\"1788\" id=\"p-5\">Reprezentan\u021bii AUR solicit\u0103 Guvernului Bolojan s\u0103 nu blocheze ini\u021biativa \u0219i s\u0103 \u021bin\u0103 cont de vocea rom\u00e2nilor, care pl\u0103tesc aproape 60% din pre\u021bul benzinei \u00een taxe.<\/p>\n","protected":false},"excerpt":{"rendered":"<p>Potrivit proiectului, prima etap\u0103, aplicat\u0103 timp de trei luni, prevede reducerea TVA de la 21% la 5%. \u201eAceasta este treapta de urgen\u021b\u0103. Protejeaz\u0103 imediat consumatorii, fermierii afla\u021bi \u00een campania agricol\u0103 &hellip; <a href=\"https:\/\/microscopemedia.com\/?p=680885\" class=\"more-link\">Read More<\/a><\/p>\n","protected":false},"author":1,"featured_media":680886,"comment_status":"closed","ping_status":"closed","sticky":false,"template":"Default","format":"standard","meta":[],"categories":[1],"tags":[],"_links":{"self":[{"href":"https:\/\/microscopemedia.com\/index.php?rest_route=\/wp\/v2\/posts\/680885"}],"collection":[{"href":"https:\/\/microscopemedia.com\/index.php?rest_route=\/wp\/v2\/posts"}],"about":[{"href":"https:\/\/microscopemedia.com\/index.php?rest_route=\/wp\/v2\/types\/post"}],"author":[{"embeddable":true,"href":"https:\/\/microscopemedia.com\/index.php?rest_route=\/wp\/v2\/users\/1"}],"replies":[{"embeddable":true,"href":"https:\/\/microscopemedia.com\/index.php?rest_route=%2Fwp%2Fv2%2Fcomments&post=680885"}],"version-history":[{"count":0,"href":"https:\/\/microscopemedia.com\/index.php?rest_route=\/wp\/v2\/posts\/680885\/revisions"}],"wp:featuredmedia":[{"embeddable":true,"href":"https:\/\/microscopemedia.com\/index.php?rest_route=\/wp\/v2\/media\/680886"}],"wp:attachment":[{"href":"https:\/\/microscopemedia.com\/index.php?rest_route=%2Fwp%2Fv2%2Fmedia&parent=680885"}],"wp:term":[{"taxonomy":"category","embeddable":true,"href":"https:\/\/microscopemedia.com\/index.php?rest_route=%2Fwp%2Fv2%2Fcategories&post=680885"},{"taxonomy":"post_tag","embeddable":true,"href":"https:\/\/microscopemedia.com\/index.php?rest_route=%2Fwp%2Fv2%2Ftags&post=680885"}],"curies":[{"name":"wp","href":"https:\/\/api.w.org\/{rel}","templated":true}]}}